{"id":51859,"date":"2026-09-05T14:30:00","date_gmt":"2026-09-05T12:30:00","guid":{"rendered":"https:\/\/www.tink.de\/blog\/?p=51859"},"modified":"2026-09-05T14:18:20","modified_gmt":"2026-09-05T12:18:20","slug":"saros-rover-europa-debuet-ifa-2026","status":"publish","type":"post","link":"https:\/\/www.tink.de\/blog\/saros-rover-europa-debuet-ifa-2026\/","title":{"rendered":"Der treppensteigende Saros Rover feiert endlich sein Europa-Deb\u00fct"},"content":{"rendered":"\n<p>Roborock kommt auf der IFA 2026 mit einer ordentlichen Ladung News. Neben zwei neuen Saros-Modellen feiert auch der auff\u00e4llige, treppensteigende Saros Rover endlich sein Europa-Deb\u00fct.<\/p>\n\n\n\n<p>Roborock hat den treppensteigenden Saros Rover schon Anfang des Jahres auf der CES gezeigt. Wir sind damals schon tief in die Rad-Bein-Konstruktion eingetaucht, mit der der Roboter einzelne Stufen aus eigener Kraft erklimmt und dabei gleich mitreinigt. Willst Du genau wissen, wie das funktioniert? Dann lies unseren <a href=\"\/blog\/ces-2026-roborock-saros-rover-klettert-selbst-die-treppe-hoch\/\" target=\"_blank\" rel=\"noopener\">Artikel \u00fcber den Saros Rover<\/a>. Die Neuigkeit dieser IFA ist vor allem, dass der Roboter jetzt auch offiziell nach Europa kommt.<\/p>\n\n\n\n<h2 class=\"wp-block-heading\">Saros 20 Flow Complete: schweres Gesch\u00fctz f\u00fcrs nasse Wischen<\/h2>\n\n\n\n<figure class=\"wp-block-image size-full\"><img data-recalc-dims=\"1\" loading=\"lazy\" decoding=\"async\" width=\"696\" height=\"392\" src=\"https:\/\/i0.wp.com\/www.tink.de\/blog\/wp-content\/uploads\/2026\/09\/roborock-2.webp?resize=696%2C392&#038;ssl=1\" alt=\"Roborock-Staubsaugerroboter und Ladestation auf einer eleganten, geschwungenen Plattform mit futuristischer Studiobeleuchtung.\" class=\"wp-image-51870\" srcset=\"https:\/\/i0.wp.com\/www.tink.de\/blog\/wp-content\/uploads\/2026\/09\/roborock-2.webp?w=1280&amp;ssl=1 1280w, https:\/\/i0.wp.com\/www.tink.de\/blog\/wp-content\/uploads\/2026\/09\/roborock-2.webp?resize=768%2C432&amp;ssl=1 768w, https:\/\/i0.wp.com\/www.tink.de\/blog\/wp-content\/uploads\/2026\/09\/roborock-2.webp?resize=747%2C420&amp;ssl=1 747w, https:\/\/i0.wp.com\/www.tink.de\/blog\/wp-content\/uploads\/2026\/09\/roborock-2.webp?resize=150%2C84&amp;ssl=1 150w, https:\/\/i0.wp.com\/www.tink.de\/blog\/wp-content\/uploads\/2026\/09\/roborock-2.webp?resize=300%2C169&amp;ssl=1 300w, https:\/\/i0.wp.com\/www.tink.de\/blog\/wp-content\/uploads\/2026\/09\/roborock-2.webp?resize=696%2C392&amp;ssl=1 696w, https:\/\/i0.wp.com\/www.tink.de\/blog\/wp-content\/uploads\/2026\/09\/roborock-2.webp?resize=1068%2C601&amp;ssl=1 1068w\" sizes=\"(max-width: 696px) 100vw, 696px\" \/><\/figure>\n\n\n\n<p>Wer vor allem Wert auf gr\u00fcndliches Wischen legt, schaut am besten auf den Saros 20 Flow Complete. Roborock gibt diesem Roboter eine Saugkraft von 36.000 Pascal mit. F\u00fcr die Navigation nutzt das Modell ein einziehbares LiDAR-System namens RetractSense. Dazu kommt KI-Hinderniserkennung, die mehr als 300 Objektarten erkennt, sowohl tags\u00fcber als auch nachts.<\/p>\n\n\n\n<p>Beim Wischen setzt Roborock nicht auf gew\u00f6hnliche Pads. Stattdessen arbeitet der Roboter mit einer rotierenden Walze, die 240-mal pro Minute dreht. Die Anpresskraft liegt bei 15 Newton. Sechzehn Wasserd\u00fcsen sorgen f\u00fcr eine gleichm\u00e4\u00dfige Feuchtigkeit \u00fcber die gesamte Walze. Mit einer Bauh\u00f6he von 8,98 Zentimetern passt dieser Roboter unter viele M\u00f6bel. Das AdaptiLift-System, inzwischen in der dritten Generation, \u00fcberwindet doppelte Schwellen bis 8,8 Zentimeter H\u00f6he. F\u00fcr die Ecken gibt es zwei ausklappbare Seitenarme, die auch dorthin kommen, wo normale B\u00fcrsten nicht hinreichen. Die zugeh\u00f6rige Basisstation w\u00e4scht die Wischwalze mit 100 Grad hei\u00dfem Wasser und dosiert das Reinigungsmittel selbst.<\/p>\n\n\n\n<h2 class=\"wp-block-heading\">Saros 20 Neo: kompakt genug f\u00fcr Deine niedrigsten M\u00f6bel<\/h2>\n\n\n\n<figure class=\"wp-block-image size-full\"><img data-recalc-dims=\"1\" loading=\"lazy\" decoding=\"async\" width=\"696\" height=\"392\" src=\"https:\/\/i0.wp.com\/www.tink.de\/blog\/wp-content\/uploads\/2026\/09\/roborock-1.webp?resize=696%2C392&#038;ssl=1\" alt=\"Ein eleganter schwarzer Roborock-Staubsaugerroboter und eine Ladestation auf einer dunklen B\u00fchne mit dramatischer roter Beleuchtung.\" class=\"wp-image-51869\" srcset=\"https:\/\/i0.wp.com\/www.tink.de\/blog\/wp-content\/uploads\/2026\/09\/roborock-1.webp?w=1280&amp;ssl=1 1280w, https:\/\/i0.wp.com\/www.tink.de\/blog\/wp-content\/uploads\/2026\/09\/roborock-1.webp?resize=768%2C432&amp;ssl=1 768w, https:\/\/i0.wp.com\/www.tink.de\/blog\/wp-content\/uploads\/2026\/09\/roborock-1.webp?resize=747%2C420&amp;ssl=1 747w, https:\/\/i0.wp.com\/www.tink.de\/blog\/wp-content\/uploads\/2026\/09\/roborock-1.webp?resize=150%2C84&amp;ssl=1 150w, https:\/\/i0.wp.com\/www.tink.de\/blog\/wp-content\/uploads\/2026\/09\/roborock-1.webp?resize=300%2C169&amp;ssl=1 300w, https:\/\/i0.wp.com\/www.tink.de\/blog\/wp-content\/uploads\/2026\/09\/roborock-1.webp?resize=696%2C392&amp;ssl=1 696w, https:\/\/i0.wp.com\/www.tink.de\/blog\/wp-content\/uploads\/2026\/09\/roborock-1.webp?resize=1068%2C601&amp;ssl=1 1068w\" sizes=\"(max-width: 696px) 100vw, 696px\" \/><\/figure>\n\n\n\n<p>Etwas kleiner ist der Saros 20 Neo. Mit einer Bauh\u00f6he von nur 7,95 Zentimetern ist dieses Modell speziell f\u00fcr Haushalte mit niedrigen M\u00f6beln gedacht, unter die andere Roboter schlicht nicht passen. Auch hier steckt der HyperForce-Motor mit 36.000 Pascal Saugkraft.<\/p>\n\n\n\n<p>Ein Anti-Verheddungssystem an den B\u00fcrsten soll verhindern, dass sich Haare festsetzen. Beim Wischen arbeitet der Neo mit warmem Wasser und einer Anpresskraft von 14 Newton. Das Fahrwerk erreicht, genau wie beim gr\u00f6\u00dferen Modell, dieselbe Schwellenh\u00f6he von 8,8 Zentimetern dank der dritten AdaptiLift-Generation. Der Akku ist auf Fl\u00e4chen bis 350 Quadratmeter pro Reinigungsrunde ausgelegt. Auch bei diesem Modell w\u00e4scht die Station den Wischmopp mit 100 Grad hei\u00dfem Wasser.<\/p>\n\n\n\n<p>Zu Preisen und einem genauen Marktstart h\u00e4lt sich Roborock vorerst bedeckt. Diese Details folgen voraussichtlich erst zur offiziellen Markteinf\u00fchrung.<\/p>\n\n\n\n<p>Neugierig, was es im Bereich Saugen und Wischen schon jetzt zu kaufen gibt? Schau Dir das komplette <a href=\"\/c\/haushaltsgeraete\/reinigen\/saugroboter\" target=\"_blank\" rel=\"noopener\">Sortiment an Saugrobotern<\/a> bei tink an.<\/p>\n\n\n\n<p>Verfolge alle Smart-Home-News der IFA 2026 in unserem <a href=\"\/blog\/live-ifa-2026-alle-smart-home-neuheiten-aus-berlin\/\" target=\"_blank\" rel=\"noopener\">Liveblog<\/a>.<\/p>\n","protected":false},"excerpt":{"rendered":"<p>Roborock kommt auf der IFA 2026 mit einer ordentlichen Ladung News. Neben zwei neuen Saros-Modellen feiert auch der auff\u00e4llige, treppensteigende Saros Rover endlich sein Europa-Deb\u00fct. Roborock hat den treppensteigenden Saros Rover schon Anfang des Jahres auf der CES gezeigt. Wir sind damals schon tief in die Rad-Bein-Konstruktion eingetaucht, mit der der Roboter einzelne Stufen aus [&hellip;]<\/p>\n","protected":false},"author":27,"featured_media":51868,"comment_status":"open","ping_status":"closed","sticky":false,"template":"","format":"standard","meta":{"_acf_changed":false,"_monsterinsights_skip_tracking":false,"jetpack_post_was_ever_published":false,"_jetpack_newsletter_access":"","_jetpack_dont_email_post_to_subs":false,"_jetpack_newsletter_tier_id":0,"_jetpack_memberships_contains_paywalled_content":false,"iawp_total_views":3,"_jetpack_memberships_contains_paid_content":false,"footnotes":"","jetpack_publicize_message":"","jetpack_publicize_feature_enabled":true,"jetpack_social_post_already_shared":true,"jetpack_social_options":{"image_generator_settings":{"template":"highway","enabled":false},"version":2}},"categories":[1181,8185],"tags":[8049,8797,8329,8065],"brand":[],"jetpack_publicize_connections":[],"acf":[],"yoast_head":"<!-- This site is optimized with the Yoast SEO plugin v24.5 - https:\/\/yoast.com\/wordpress\/plugins\/seo\/ -->\n<title>Der treppensteigende Saros Rover feiert endlich sein Europa-Deb\u00fct | tink Blog<\/title>\n<meta name=\"description\" content=\"Roborock pr\u00e4sentiert auf der IFA 2026 zwei neue Saros-Modelle sowie das europ\u00e4ische Deb\u00fct des Saros Rover. Erfahre, was sie alles k\u00f6nnen.\" \/>\n<meta name=\"robots\" content=\"index, follow, max-snippet:-1, max-image-preview:large, max-video-preview:-1\" \/>\n<link rel=\"canonical\" href=\"https:\/\/www.tink.de\/blog\/saros-rover-europa-debuet-ifa-2026\/\" \/>\n<meta property=\"og:locale\" content=\"de_DE\" \/>\n<meta property=\"og:type\" content=\"article\" \/>\n<meta property=\"og:title\" content=\"Der treppensteigende Saros Rover feiert endlich sein Europa-Deb\u00fct | tink Blog\" \/>\n<meta property=\"og:description\" content=\"Roborock pr\u00e4sentiert auf der IFA 2026 zwei neue Saros-Modelle sowie das europ\u00e4ische Deb\u00fct des Saros Rover. Erfahre, was sie alles k\u00f6nnen.\" \/>\n<meta property=\"og:url\" content=\"https:\/\/www.tink.de\/blog\/saros-rover-europa-debuet-ifa-2026\/\" \/>\n<meta property=\"og:site_name\" content=\"tink Blog\" \/>\n<meta property=\"article:publisher\" content=\"https:\/\/www.facebook.com\/tinkh0me\" \/>\n<meta property=\"article:published_time\" content=\"2026-09-05T12:30:00+00:00\" \/>\n<meta property=\"og:image\" content=\"https:\/\/i0.wp.com\/www.tink.de\/blog\/wp-content\/uploads\/2026\/09\/roborock-3-1.webp?fit=1280%2C720&ssl=1\" \/>\n\t<meta property=\"og:image:width\" content=\"1280\" \/>\n\t<meta property=\"og:image:height\" content=\"720\" \/>\n\t<meta property=\"og:image:type\" content=\"image\/webp\" \/>\n<meta name=\"author\" content=\"Sanne\" \/>\n<meta name=\"twitter:card\" content=\"summary_large_image\" \/>\n<meta name=\"twitter:label1\" content=\"Verfasst von\" \/>\n\t<meta name=\"twitter:data1\" content=\"Sanne\" \/>\n\t<meta name=\"twitter:label2\" content=\"Gesch\u00e4tzte Lesezeit\" \/>\n\t<meta name=\"twitter:data2\" content=\"3\u00a0Minuten\" \/>\n<script type=\"application\/ld+json\" class=\"yoast-schema-graph\">{\"@context\":\"https:\/\/schema.org\",\"@graph\":[{\"@type\":[\"Article\",\"BlogPosting\"],\"@id\":\"https:\/\/www.tink.de\/blog\/saros-rover-europa-debuet-ifa-2026\/#article\",\"isPartOf\":{\"@id\":\"https:\/\/www.tink.de\/blog\/saros-rover-europa-debuet-ifa-2026\/\"},\"author\":{\"name\":\"Sanne\",\"@id\":\"https:\/\/www.tink.de\/blog\/#\/schema\/person\/826ba7a6d495972c9fd5da7130e1e1be\"},\"headline\":\"Der treppensteigende Saros Rover feiert endlich sein Europa-Deb\u00fct\",\"datePublished\":\"2026-09-05T12:30:00+00:00\",\"mainEntityOfPage\":{\"@id\":\"https:\/\/www.tink.de\/blog\/saros-rover-europa-debuet-ifa-2026\/\"},\"wordCount\":441,\"commentCount\":0,\"publisher\":{\"@id\":\"https:\/\/www.tink.de\/blog\/#organization\"},\"image\":{\"@id\":\"https:\/\/www.tink.de\/blog\/saros-rover-europa-debuet-ifa-2026\/#primaryimage\"},\"thumbnailUrl\":\"https:\/\/i0.wp.com\/www.tink.de\/blog\/wp-content\/uploads\/2026\/09\/roborock-3-1.webp?fit=1280%2C720&ssl=1\",\"keywords\":[\"IFA\",\"ifa 2026\",\"Roborock\",\"Saugroboter\"],\"articleSection\":[\"Smart Home News\",\"Smarter Haushalt\"],\"inLanguage\":\"de\",\"potentialAction\":[{\"@type\":\"CommentAction\",\"name\":\"Comment\",\"target\":[\"https:\/\/www.tink.de\/blog\/saros-rover-europa-debuet-ifa-2026\/#respond\"]}]},{\"@type\":\"WebPage\",\"@id\":\"https:\/\/www.tink.de\/blog\/saros-rover-europa-debuet-ifa-2026\/\",\"url\":\"https:\/\/www.tink.de\/blog\/saros-rover-europa-debuet-ifa-2026\/\",\"name\":\"Der treppensteigende Saros Rover feiert endlich sein Europa-Deb\u00fct | tink Blog\",\"isPartOf\":{\"@id\":\"https:\/\/www.tink.de\/blog\/#website\"},\"primaryImageOfPage\":{\"@id\":\"https:\/\/www.tink.de\/blog\/saros-rover-europa-debuet-ifa-2026\/#primaryimage\"},\"image\":{\"@id\":\"https:\/\/www.tink.de\/blog\/saros-rover-europa-debuet-ifa-2026\/#primaryimage\"},\"thumbnailUrl\":\"https:\/\/i0.wp.com\/www.tink.de\/blog\/wp-content\/uploads\/2026\/09\/roborock-3-1.webp?fit=1280%2C720&ssl=1\",\"datePublished\":\"2026-09-05T12:30:00+00:00\",\"description\":\"Roborock pr\u00e4sentiert auf der IFA 2026 zwei neue Saros-Modelle sowie das europ\u00e4ische Deb\u00fct des Saros Rover. Erfahre, was sie alles k\u00f6nnen.\",\"breadcrumb\":{\"@id\":\"https:\/\/www.tink.de\/blog\/saros-rover-europa-debuet-ifa-2026\/#breadcrumb\"},\"inLanguage\":\"de\",\"potentialAction\":[{\"@type\":\"ReadAction\",\"target\":[\"https:\/\/www.tink.de\/blog\/saros-rover-europa-debuet-ifa-2026\/\"]}]},{\"@type\":\"ImageObject\",\"inLanguage\":\"de\",\"@id\":\"https:\/\/www.tink.de\/blog\/saros-rover-europa-debuet-ifa-2026\/#primaryimage\",\"url\":\"https:\/\/i0.wp.com\/www.tink.de\/blog\/wp-content\/uploads\/2026\/09\/roborock-3-1.webp?fit=1280%2C720&ssl=1\",\"contentUrl\":\"https:\/\/i0.wp.com\/www.tink.de\/blog\/wp-content\/uploads\/2026\/09\/roborock-3-1.webp?fit=1280%2C720&ssl=1\",\"width\":1280,\"height\":720,\"caption\":\"Ein Roborock-Staubsaugerroboter mit Treppensteigtechnik, der in einem futuristisch anmutenden, dunklen Raum Stufen \u00fcberwindet.\"},{\"@type\":\"BreadcrumbList\",\"@id\":\"https:\/\/www.tink.de\/blog\/saros-rover-europa-debuet-ifa-2026\/#breadcrumb\",\"itemListElement\":[{\"@type\":\"ListItem\",\"position\":1,\"name\":\"Home\",\"item\":\"https:\/\/www.tink.de\/blog\/\"},{\"@type\":\"ListItem\",\"position\":2,\"name\":\"News &amp; Trends\",\"item\":\"https:\/\/www.tink.de\/blog\/category\/news-und-trends\/\"},{\"@type\":\"ListItem\",\"position\":3,\"name\":\"Smart Home News\",\"item\":\"https:\/\/www.tink.de\/blog\/category\/news-und-trends\/smart-home-news\/\"},{\"@type\":\"ListItem\",\"position\":4,\"name\":\"Der treppensteigende Saros Rover feiert endlich sein Europa-Deb\u00fct\"}]},{\"@type\":\"WebSite\",\"@id\":\"https:\/\/www.tink.de\/blog\/#website\",\"url\":\"https:\/\/www.tink.de\/blog\/\",\"name\":\"tink Blog\",\"description\":\"tink Smart Home Blog\",\"publisher\":{\"@id\":\"https:\/\/www.tink.de\/blog\/#organization\"},\"potentialAction\":[{\"@type\":\"SearchAction\",\"target\":{\"@type\":\"EntryPoint\",\"urlTemplate\":\"https:\/\/www.tink.de\/blog\/?s={search_term_string}\"},\"query-input\":{\"@type\":\"PropertyValueSpecification\",\"valueRequired\":true,\"valueName\":\"search_term_string\"}}],\"inLanguage\":\"de\"},{\"@type\":\"Organization\",\"@id\":\"https:\/\/www.tink.de\/blog\/#organization\",\"name\":\"tink GmbH\",\"alternateName\":\"tink\",\"url\":\"https:\/\/www.tink.de\/blog\/\",\"logo\":{\"@type\":\"ImageObject\",\"inLanguage\":\"de\",\"@id\":\"https:\/\/www.tink.de\/blog\/#\/schema\/logo\/image\/\",\"url\":\"https:\/\/i0.wp.com\/www.tink.de\/blog\/wp-content\/uploads\/2025\/08\/Group-4157.png?fit=264%2C265&ssl=1\",\"contentUrl\":\"https:\/\/i0.wp.com\/www.tink.de\/blog\/wp-content\/uploads\/2025\/08\/Group-4157.png?fit=264%2C265&ssl=1\",\"width\":264,\"height\":265,\"caption\":\"tink GmbH\"},\"image\":{\"@id\":\"https:\/\/www.tink.de\/blog\/#\/schema\/logo\/image\/\"},\"sameAs\":[\"https:\/\/www.facebook.com\/tinkh0me\",\"https:\/\/www.instagram.com\/tink\",\"https:\/\/de.linkedin.com\/company\/tink-gmbh\",\"https:\/\/www.youtube.com\/channel\/UCBhIvY0GdaK8Wc-5WWv8Kjw\",\"https:\/\/www.tiktok.com\/@tink.de\"]},{\"@type\":\"Person\",\"@id\":\"https:\/\/www.tink.de\/blog\/#\/schema\/person\/826ba7a6d495972c9fd5da7130e1e1be\",\"name\":\"Sanne\",\"image\":{\"@type\":\"ImageObject\",\"inLanguage\":\"de\",\"@id\":\"https:\/\/www.tink.de\/blog\/#\/schema\/person\/image\/\",\"url\":\"https:\/\/secure.gravatar.com\/avatar\/9f5079779ee2a92178cceef6145d88a6?s=96&d=mm&r=g\",\"contentUrl\":\"https:\/\/secure.gravatar.com\/avatar\/9f5079779ee2a92178cceef6145d88a6?s=96&d=mm&r=g\",\"caption\":\"Sanne\"},\"description\":\"Sanne geh\u00f6rt seit Juni 2026 zur tink-Redaktion. Sie hat einen Hintergrund im Bereich Innenarchitektur und zeigt in ihren Texten, wie nahtlos sich Smart Home in jedes Zuhause einf\u00fcgt. Ihre eigene Wohnung ist komplett mit intelligenten Thermostaten von tado\u00b0 ausgestattet und sie schw\u00f6rt auf die praktischen Video-T\u00fcrklingeln von Ring. Derzeit taucht sie voll und ganz in die Welt der intelligenten G\u00e4rten ein und testet die neuesten M\u00e4hroboter von Gardena sowie die Au\u00dfenbeleuchtung von Innr.\",\"url\":\"https:\/\/www.tink.de\/blog\/author\/sannedach\/\"}]}<\/script>\n<!-- \/ Yoast SEO plugin. -->","yoast_head_json":{"title":"Der treppensteigende Saros Rover feiert endlich sein Europa-Deb\u00fct | tink Blog","description":"Roborock pr\u00e4sentiert auf der IFA 2026 zwei neue Saros-Modelle sowie das europ\u00e4ische Deb\u00fct des Saros Rover. Erfahre, was sie alles k\u00f6nnen.","robots":{"index":"index","follow":"follow","max-snippet":"max-snippet:-1","max-image-preview":"max-image-preview:large","max-video-preview":"max-video-preview:-1"},"canonical":"https:\/\/www.tink.de\/blog\/saros-rover-europa-debuet-ifa-2026\/","og_locale":"de_DE","og_type":"article","og_title":"Der treppensteigende Saros Rover feiert endlich sein Europa-Deb\u00fct | tink Blog","og_description":"Roborock pr\u00e4sentiert auf der IFA 2026 zwei neue Saros-Modelle sowie das europ\u00e4ische Deb\u00fct des Saros Rover. Erfahre, was sie alles k\u00f6nnen.","og_url":"https:\/\/www.tink.de\/blog\/saros-rover-europa-debuet-ifa-2026\/","og_site_name":"tink Blog","article_publisher":"https:\/\/www.facebook.com\/tinkh0me","article_published_time":"2026-09-05T12:30:00+00:00","og_image":[{"width":1280,"height":720,"url":"https:\/\/i0.wp.com\/www.tink.de\/blog\/wp-content\/uploads\/2026\/09\/roborock-3-1.webp?fit=1280%2C720&ssl=1","type":"image\/webp"}],"author":"Sanne","twitter_card":"summary_large_image","twitter_misc":{"Verfasst von":"Sanne","Gesch\u00e4tzte Lesezeit":"3\u00a0Minuten"},"schema":{"@context":"https:\/\/schema.org","@graph":[{"@type":["Article","BlogPosting"],"@id":"https:\/\/www.tink.de\/blog\/saros-rover-europa-debuet-ifa-2026\/#article","isPartOf":{"@id":"https:\/\/www.tink.de\/blog\/saros-rover-europa-debuet-ifa-2026\/"},"author":{"name":"Sanne","@id":"https:\/\/www.tink.de\/blog\/#\/schema\/person\/826ba7a6d495972c9fd5da7130e1e1be"},"headline":"Der treppensteigende Saros Rover feiert endlich sein Europa-Deb\u00fct","datePublished":"2026-09-05T12:30:00+00:00","mainEntityOfPage":{"@id":"https:\/\/www.tink.de\/blog\/saros-rover-europa-debuet-ifa-2026\/"},"wordCount":441,"commentCount":0,"publisher":{"@id":"https:\/\/www.tink.de\/blog\/#organization"},"image":{"@id":"https:\/\/www.tink.de\/blog\/saros-rover-europa-debuet-ifa-2026\/#primaryimage"},"thumbnailUrl":"https:\/\/i0.wp.com\/www.tink.de\/blog\/wp-content\/uploads\/2026\/09\/roborock-3-1.webp?fit=1280%2C720&ssl=1","keywords":["IFA","ifa 2026","Roborock","Saugroboter"],"articleSection":["Smart Home News","Smarter Haushalt"],"inLanguage":"de","potentialAction":[{"@type":"CommentAction","name":"Comment","target":["https:\/\/www.tink.de\/blog\/saros-rover-europa-debuet-ifa-2026\/#respond"]}]},{"@type":"WebPage","@id":"https:\/\/www.tink.de\/blog\/saros-rover-europa-debuet-ifa-2026\/","url":"https:\/\/www.tink.de\/blog\/saros-rover-europa-debuet-ifa-2026\/","name":"Der treppensteigende Saros Rover feiert endlich sein Europa-Deb\u00fct | tink Blog","isPartOf":{"@id":"https:\/\/www.tink.de\/blog\/#website"},"primaryImageOfPage":{"@id":"https:\/\/www.tink.de\/blog\/saros-rover-europa-debuet-ifa-2026\/#primaryimage"},"image":{"@id":"https:\/\/www.tink.de\/blog\/saros-rover-europa-debuet-ifa-2026\/#primaryimage"},"thumbnailUrl":"https:\/\/i0.wp.com\/www.tink.de\/blog\/wp-content\/uploads\/2026\/09\/roborock-3-1.webp?fit=1280%2C720&ssl=1","datePublished":"2026-09-05T12:30:00+00:00","description":"Roborock pr\u00e4sentiert auf der IFA 2026 zwei neue Saros-Modelle sowie das europ\u00e4ische Deb\u00fct des Saros Rover. Erfahre, was sie alles k\u00f6nnen.","breadcrumb":{"@id":"https:\/\/www.tink.de\/blog\/saros-rover-europa-debuet-ifa-2026\/#breadcrumb"},"inLanguage":"de","potentialAction":[{"@type":"ReadAction","target":["https:\/\/www.tink.de\/blog\/saros-rover-europa-debuet-ifa-2026\/"]}]},{"@type":"ImageObject","inLanguage":"de","@id":"https:\/\/www.tink.de\/blog\/saros-rover-europa-debuet-ifa-2026\/#primaryimage","url":"https:\/\/i0.wp.com\/www.tink.de\/blog\/wp-content\/uploads\/2026\/09\/roborock-3-1.webp?fit=1280%2C720&ssl=1","contentUrl":"https:\/\/i0.wp.com\/www.tink.de\/blog\/wp-content\/uploads\/2026\/09\/roborock-3-1.webp?fit=1280%2C720&ssl=1","width":1280,"height":720,"caption":"Ein Roborock-Staubsaugerroboter mit Treppensteigtechnik, der in einem futuristisch anmutenden, dunklen Raum Stufen \u00fcberwindet."},{"@type":"BreadcrumbList","@id":"https:\/\/www.tink.de\/blog\/saros-rover-europa-debuet-ifa-2026\/#breadcrumb","itemListElement":[{"@type":"ListItem","position":1,"name":"Home","item":"https:\/\/www.tink.de\/blog\/"},{"@type":"ListItem","position":2,"name":"News &amp; Trends","item":"https:\/\/www.tink.de\/blog\/category\/news-und-trends\/"},{"@type":"ListItem","position":3,"name":"Smart Home News","item":"https:\/\/www.tink.de\/blog\/category\/news-und-trends\/smart-home-news\/"},{"@type":"ListItem","position":4,"name":"Der treppensteigende Saros Rover feiert endlich sein Europa-Deb\u00fct"}]},{"@type":"WebSite","@id":"https:\/\/www.tink.de\/blog\/#website","url":"https:\/\/www.tink.de\/blog\/","name":"tink Blog","description":"tink Smart Home Blog","publisher":{"@id":"https:\/\/www.tink.de\/blog\/#organization"},"potentialAction":[{"@type":"SearchAction","target":{"@type":"EntryPoint","urlTemplate":"https:\/\/www.tink.de\/blog\/?s={search_term_string}"},"query-input":{"@type":"PropertyValueSpecification","valueRequired":true,"valueName":"search_term_string"}}],"inLanguage":"de"},{"@type":"Organization","@id":"https:\/\/www.tink.de\/blog\/#organization","name":"tink GmbH","alternateName":"tink","url":"https:\/\/www.tink.de\/blog\/","logo":{"@type":"ImageObject","inLanguage":"de","@id":"https:\/\/www.tink.de\/blog\/#\/schema\/logo\/image\/","url":"https:\/\/i0.wp.com\/www.tink.de\/blog\/wp-content\/uploads\/2025\/08\/Group-4157.png?fit=264%2C265&ssl=1","contentUrl":"https:\/\/i0.wp.com\/www.tink.de\/blog\/wp-content\/uploads\/2025\/08\/Group-4157.png?fit=264%2C265&ssl=1","width":264,"height":265,"caption":"tink GmbH"},"image":{"@id":"https:\/\/www.tink.de\/blog\/#\/schema\/logo\/image\/"},"sameAs":["https:\/\/www.facebook.com\/tinkh0me","https:\/\/www.instagram.com\/tink","https:\/\/de.linkedin.com\/company\/tink-gmbh","https:\/\/www.youtube.com\/channel\/UCBhIvY0GdaK8Wc-5WWv8Kjw","https:\/\/www.tiktok.com\/@tink.de"]},{"@type":"Person","@id":"https:\/\/www.tink.de\/blog\/#\/schema\/person\/826ba7a6d495972c9fd5da7130e1e1be","name":"Sanne","image":{"@type":"ImageObject","inLanguage":"de","@id":"https:\/\/www.tink.de\/blog\/#\/schema\/person\/image\/","url":"https:\/\/secure.gravatar.com\/avatar\/9f5079779ee2a92178cceef6145d88a6?s=96&d=mm&r=g","contentUrl":"https:\/\/secure.gravatar.com\/avatar\/9f5079779ee2a92178cceef6145d88a6?s=96&d=mm&r=g","caption":"Sanne"},"description":"Sanne geh\u00f6rt seit Juni 2026 zur tink-Redaktion. Sie hat einen Hintergrund im Bereich Innenarchitektur und zeigt in ihren Texten, wie nahtlos sich Smart Home in jedes Zuhause einf\u00fcgt. Ihre eigene Wohnung ist komplett mit intelligenten Thermostaten von tado\u00b0 ausgestattet und sie schw\u00f6rt auf die praktischen Video-T\u00fcrklingeln von Ring. Derzeit taucht sie voll und ganz in die Welt der intelligenten G\u00e4rten ein und testet die neuesten M\u00e4hroboter von Gardena sowie die Au\u00dfenbeleuchtung von Innr.","url":"https:\/\/www.tink.de\/blog\/author\/sannedach\/"}]}},"jetpack_featured_media_url":"https:\/\/i0.wp.com\/www.tink.de\/blog\/wp-content\/uploads\/2026\/09\/roborock-3-1.webp?fit=1280%2C720&ssl=1","jetpack_sharing_enabled":true,"_links":{"self":[{"href":"https:\/\/www.tink.de\/blog\/wp-json\/wp\/v2\/posts\/51859"}],"collection":[{"href":"https:\/\/www.tink.de\/blog\/wp-json\/wp\/v2\/posts"}],"about":[{"href":"https:\/\/www.tink.de\/blog\/wp-json\/wp\/v2\/types\/post"}],"author":[{"embeddable":true,"href":"https:\/\/www.tink.de\/blog\/wp-json\/wp\/v2\/users\/27"}],"replies":[{"embeddable":true,"href":"https:\/\/www.tink.de\/blog\/wp-json\/wp\/v2\/comments?post=51859"}],"version-history":[{"count":2,"href":"https:\/\/www.tink.de\/blog\/wp-json\/wp\/v2\/posts\/51859\/revisions"}],"predecessor-version":[{"id":51871,"href":"https:\/\/www.tink.de\/blog\/wp-json\/wp\/v2\/posts\/51859\/revisions\/51871"}],"wp:featuredmedia":[{"embeddable":true,"href":"https:\/\/www.tink.de\/blog\/wp-json\/wp\/v2\/media\/51868"}],"wp:attachment":[{"href":"https:\/\/www.tink.de\/blog\/wp-json\/wp\/v2\/media?parent=51859"}],"wp:term":[{"taxonomy":"category","embeddable":true,"href":"https:\/\/www.tink.de\/blog\/wp-json\/wp\/v2\/categories?post=51859"},{"taxonomy":"post_tag","embeddable":true,"href":"https:\/\/www.tink.de\/blog\/wp-json\/wp\/v2\/tags?post=51859"},{"taxonomy":"brand","embeddable":true,"href":"https:\/\/www.tink.de\/blog\/wp-json\/wp\/v2\/brand?post=51859"}],"curies":[{"name":"wp","href":"https:\/\/api.w.org\/{rel}","templated":true}]}}