{"id":43504,"date":"2023-02-20T11:00:37","date_gmt":"2023-02-20T10:00:37","guid":{"rendered":"http:\/\/sftp-tink.com\/ikea-kuendigt-luftqualitaetssensor-vindstyrka-an\/"},"modified":"2026-02-17T12:04:37","modified_gmt":"2026-02-17T11:04:37","slug":"ikea-kuendigt-luftqualitaetssensor-vindstyrka-an","status":"publish","type":"post","link":"https:\/\/www.tink.de\/blog\/ikea-kuendigt-luftqualitaetssensor-vindstyrka-an\/","title":{"rendered":"Ikea k\u00fcndigt Luftqualit\u00e4tssensor &#8222;Vindstyrka&#8220; an"},"content":{"rendered":"<p><div id=\"tdi_1\" class=\"tdc-row\"><div class=\"vc_row tdi_2  wpb_row td-pb-row\" >\n<style scoped>\n\/* custom css - generated by TagDiv Composer *\/\n\n\/* custom css - generated by TagDiv Composer *\/\n.tdi_2,\r\n                .tdi_2 .tdc-columns{\r\n                    min-height: 0;\r\n                }.tdi_2,\r\n\t\t\t\t.tdi_2 .tdc-columns{\r\n\t\t\t\t    display: block;\r\n\t\t\t\t}.tdi_2 .tdc-columns{\r\n\t\t\t\t    width: 100%;\r\n\t\t\t\t}.tdi_2:before,\r\n\t\t\t\t.tdi_2:after{\r\n\t\t\t\t    display: table;\r\n\t\t\t\t}\n<\/style><div class=\"vc_column tdi_4  wpb_column vc_column_container tdc-column td-pb-span12\">\n<style scoped>\n\/* custom css - generated by TagDiv Composer *\/\n\n\/* custom css - generated by TagDiv Composer *\/\n.tdi_4{\r\n                    vertical-align: baseline;\r\n                }.tdi_4 > .wpb_wrapper,\r\n\t\t\t\t.tdi_4 > .wpb_wrapper > .tdc-elements{\r\n\t\t\t\t    display: block;\r\n\t\t\t\t}.tdi_4 > .wpb_wrapper > .tdc-elements{\r\n\t\t\t\t    width: 100%;\r\n\t\t\t\t}.tdi_4 > .wpb_wrapper > .vc_row_inner{\r\n\t\t\t\t    width: auto;\r\n\t\t\t\t}.tdi_4 > .wpb_wrapper{\r\n\t\t\t\t    width: auto;\r\n\t\t\t\t    height: auto;\r\n\t\t\t\t}\n<\/style><div class=\"wpb_wrapper\" ><div class=\"wpb_wrapper wpb_text_column td_block_wrap td_block_wrap vc_column_text tdi_5  tagdiv-type td-pb-border-top td_block_template_1\"  data-td-block-uid=\"tdi_5\" >\n<style>\n\/* custom css - generated by TagDiv Composer *\/\n.vc_column_text > .td-element-style{\r\n\t\t\t\t\tz-index: -1;\r\n\t\t\t\t}\n<\/style><div class=\"td-fix-index\"><p><span style=\"font-weight: 400;\">Unser schwedisches Lieblingsm\u00f6belhaus hat den Schritt ins Smart Home schon vor einiger Zeit gewagt und bietet mittlerweile eine ganze Reihe smarter Produkte. Diese soll laut Ikea nun um eine weitere Komponente erweitert werden. Beim Neuzug\u00e4ngling <em>Vindstyrka<\/em> handelt es sich um einen Luftqualit\u00e4tssensor, der sich richtig gut ins Smart Home einbinden l\u00e4sst. Alles \u00fcber den Luftmonitor und seine Smart Home-Tauglichkeit erf\u00e4hrst Du hier.<\/span><\/p>\n<\/div><\/div><\/div><\/div><\/div><\/div><div id=\"tdi_6\" class=\"tdc-row\"><div class=\"vc_row tdi_7  wpb_row td-pb-row\" >\n<style scoped>\n\/* custom css - generated by TagDiv Composer *\/\n\n\/* custom css - generated by TagDiv Composer *\/\n.tdi_7,\r\n                .tdi_7 .tdc-columns{\r\n                    min-height: 0;\r\n                }.tdi_7,\r\n\t\t\t\t.tdi_7 .tdc-columns{\r\n\t\t\t\t    display: block;\r\n\t\t\t\t}.tdi_7 .tdc-columns{\r\n\t\t\t\t    width: 100%;\r\n\t\t\t\t}.tdi_7:before,\r\n\t\t\t\t.tdi_7:after{\r\n\t\t\t\t    display: table;\r\n\t\t\t\t}\n<\/style><div class=\"vc_column tdi_9  wpb_column vc_column_container tdc-column td-pb-span12\">\n<style scoped>\n\/* custom css - generated by TagDiv Composer *\/\n\n\/* custom css - generated by TagDiv Composer *\/\n.tdi_9{\r\n                    vertical-align: baseline;\r\n                }.tdi_9 > .wpb_wrapper,\r\n\t\t\t\t.tdi_9 > .wpb_wrapper > .tdc-elements{\r\n\t\t\t\t    display: block;\r\n\t\t\t\t}.tdi_9 > .wpb_wrapper > .tdc-elements{\r\n\t\t\t\t    width: 100%;\r\n\t\t\t\t}.tdi_9 > .wpb_wrapper > .vc_row_inner{\r\n\t\t\t\t    width: auto;\r\n\t\t\t\t}.tdi_9 > .wpb_wrapper{\r\n\t\t\t\t    width: auto;\r\n\t\t\t\t    height: auto;\r\n\t\t\t\t}\n<\/style><div class=\"wpb_wrapper\" ><div class=\"wpb_wrapper wpb_text_column td_block_wrap td_block_wrap vc_column_text tdi_10  tagdiv-type td-pb-border-top td_block_template_1\"  data-td-block-uid=\"tdi_10\" ><div class=\"td-fix-index\"><h2><span style=\"font-weight: 400;\">Vindstyrka: So setzt Ikea sich f\u00fcr qualitative Luft in Deinem Smart Home ein<\/span><\/h2>\n<\/div><\/div><div class=\"wpb_wrapper wpb_text_column td_block_wrap td_block_wrap vc_column_text tdi_11  tagdiv-type td-pb-border-top td_block_template_1\"  data-td-block-uid=\"tdi_11\" ><div class=\"td-fix-index\"><p><span style=\"font-weight: 400;\">Luftqualit\u00e4t gemessen hat man mit Ikea bisher nur \u00fcber den Luftqualit\u00e4tssensor <\/span><i><span style=\"font-weight: 400;\">Vindriktning<\/span><\/i><span style=\"font-weight: 400;\">. Kein Display, daf\u00fcr farbige LEDs haben den Qualit\u00e4tszustand der Luft kenntlich gemacht. Aber Ikea zeigt jetzt, dass es auch smarter geht: mit dem neu angek\u00fcndigten smarten Luftqualit\u00e4tssensor <\/span><i><span style=\"font-weight: 400;\">Vindstyrka<\/span><\/i><span style=\"font-weight: 400;\">.<\/span><\/p>\n<\/div><\/div><div class=\"wpb_wrapper td_block_single_image td_block_wrap\"><\/div><div class=\"wpb_wrapper wpb_text_column td_block_wrap td_block_wrap vc_column_text tdi_13  tagdiv-type td-pb-border-top td_block_template_1\"  data-td-block-uid=\"tdi_13\" ><div class=\"td-fix-index\"><p><span style=\"font-weight: 400;\">Vindstyrka misst nicht nur die Luftqualit\u00e4t \u00fcber den Feinstaubgehalt der Luft (PM2.5). Sondern auch die aktuelle Temperatur, Luftfeuchtigkeit und die Entwicklung der Gesamtzahl organischer Verbindungen (VOC) erfasst der smarte Luftqualit\u00e4tsmonitor.<\/span><\/p>\n<\/div><\/div><div class=\"wpb_wrapper wpb_text_column td_block_wrap td_block_wrap vc_column_text tdi_14  tagdiv-type td-pb-border-top td_block_template_1\"  data-td-block-uid=\"tdi_14\" ><div class=\"td-fix-index\"><p><span style=\"font-weight: 400;\">Besonders nutzerfreundlich dabei ist die Darstellung der Werte \u00fcber ein gro\u00dfes Display. So hast Du die Qualit\u00e4t Deiner Luft immer im Blick und kannst darauf entsprechend reagieren.<\/span><\/p>\n<\/div><\/div><div class=\"wpb_wrapper wpb_text_column td_block_wrap td_block_wrap vc_column_text tdi_15  tagdiv-type td-pb-border-top td_block_template_1\"  data-td-block-uid=\"tdi_15\" ><div class=\"td-fix-index\"><p><span style=\"font-weight: 400;\">Aber nicht nur Du, sondern auch Dein Smart Home kann mit den Messwerten arbeiten. Denn Vindstyrka l\u00e4sst sich easy in smarte Systeme integrieren. Vor allem mit weiteren Ikea-Komponenten, wie beispielsweise dem Luftreiniger <\/span><i><span style=\"font-weight: 400;\">Starkvind<\/span><\/i><span style=\"font-weight: 400;\">, ist das praktisch. Dieser kann so n\u00e4mlich die Drehgeschwindigkeit seines Ventilators anpassen und die Luft so optimal filtern.<\/span><\/p>\n<\/div><\/div><div class=\"wpb_wrapper td_block_single_image td_block_wrap\"><\/div><\/div><\/div><\/div><\/div><div id=\"tdi_17\" class=\"tdc-row\"><div class=\"vc_row tdi_18  wpb_row td-pb-row\" >\n<style scoped>\n\/* custom css - generated by TagDiv Composer *\/\n\n\/* custom css - generated by TagDiv Composer *\/\n.tdi_18,\r\n                .tdi_18 .tdc-columns{\r\n                    min-height: 0;\r\n                }.tdi_18,\r\n\t\t\t\t.tdi_18 .tdc-columns{\r\n\t\t\t\t    display: block;\r\n\t\t\t\t}.tdi_18 .tdc-columns{\r\n\t\t\t\t    width: 100%;\r\n\t\t\t\t}.tdi_18:before,\r\n\t\t\t\t.tdi_18:after{\r\n\t\t\t\t    display: table;\r\n\t\t\t\t}\n<\/style><div class=\"vc_column tdi_20  wpb_column vc_column_container tdc-column td-pb-span12\">\n<style scoped>\n\/* custom css - generated by TagDiv Composer *\/\n\n\/* custom css - generated by TagDiv Composer *\/\n.tdi_20{\r\n                    vertical-align: baseline;\r\n                }.tdi_20 > .wpb_wrapper,\r\n\t\t\t\t.tdi_20 > .wpb_wrapper > .tdc-elements{\r\n\t\t\t\t    display: block;\r\n\t\t\t\t}.tdi_20 > .wpb_wrapper > .tdc-elements{\r\n\t\t\t\t    width: 100%;\r\n\t\t\t\t}.tdi_20 > .wpb_wrapper > .vc_row_inner{\r\n\t\t\t\t    width: auto;\r\n\t\t\t\t}.tdi_20 > .wpb_wrapper{\r\n\t\t\t\t    width: auto;\r\n\t\t\t\t    height: auto;\r\n\t\t\t\t}\n<\/style><div class=\"wpb_wrapper\" ><div class=\"wpb_wrapper wpb_text_column td_block_wrap td_block_wrap vc_column_text tdi_21  tagdiv-type td-pb-border-top td_block_template_1\"  data-td-block-uid=\"tdi_21\" ><div class=\"td-fix-index\"><h2><span style=\"font-weight: 400;\">Ikea setzt auf Matter<\/span><\/h2>\n<\/div><\/div><div class=\"wpb_wrapper wpb_text_column td_block_wrap td_block_wrap vc_column_text tdi_22  tagdiv-type td-pb-border-top td_block_template_1\"  data-td-block-uid=\"tdi_22\" ><div class=\"td-fix-index\"><p><span style=\"font-weight: 400;\">Besonders Smart Home-tauglich wird Vindstyrka aber auch dadurch, dass dieser smarte Luftqualit\u00e4tssensor den <a href=\"\/blog\/matter-ist-da-das-ist-der-neue-smart-home-standard\/\">neuen Smart Home-Standard Matter<\/a> unterst\u00fctzt. Das bedeutet also, dass das Ger\u00e4t sich problemlos in alle Matter-kompatiblen Smart Home-Systeme einf\u00fcgen kann.<\/span><\/p>\n<\/div><\/div><div class=\"wpb_wrapper wpb_text_column td_block_wrap td_block_wrap vc_column_text tdi_23  tagdiv-type td-pb-border-top td_block_template_1\"  data-td-block-uid=\"tdi_23\" ><div class=\"td-fix-index\"><p><span style=\"font-weight: 400;\">Besitzt Du noch keinen Matter-unterst\u00fctzenden Hub, empfiehlt sich beispielsweise Ikea\u2019s hauseigener Dirigera-Hub f\u00fcr gerade einmal 60 Euro. Mit diesem lassen sich bis zu 100 Matter-Ger\u00e4te verbinden. Diese kannst Du dann \u00fcber die Ikea Home-App steuern, oder jede andere App, die Matter unterst\u00fctzt.<\/span><\/p>\n<\/div><\/div><div class=\"wpb_wrapper td_block_single_image td_block_wrap\"><\/div><\/div><\/div><\/div><\/div><div id=\"tdi_25\" class=\"tdc-row\"><div class=\"vc_row tdi_26  wpb_row td-pb-row\" >\n<style scoped>\n\/* custom css - generated by TagDiv Composer *\/\n\n\/* custom css - generated by TagDiv Composer *\/\n.tdi_26,\r\n                .tdi_26 .tdc-columns{\r\n                    min-height: 0;\r\n                }.tdi_26,\r\n\t\t\t\t.tdi_26 .tdc-columns{\r\n\t\t\t\t    display: block;\r\n\t\t\t\t}.tdi_26 .tdc-columns{\r\n\t\t\t\t    width: 100%;\r\n\t\t\t\t}.tdi_26:before,\r\n\t\t\t\t.tdi_26:after{\r\n\t\t\t\t    display: table;\r\n\t\t\t\t}\n<\/style><div class=\"vc_column tdi_28  wpb_column vc_column_container tdc-column td-pb-span12\">\n<style scoped>\n\/* custom css - generated by TagDiv Composer *\/\n\n\/* custom css - generated by TagDiv Composer *\/\n.tdi_28{\r\n                    vertical-align: baseline;\r\n                }.tdi_28 > .wpb_wrapper,\r\n\t\t\t\t.tdi_28 > .wpb_wrapper > .tdc-elements{\r\n\t\t\t\t    display: block;\r\n\t\t\t\t}.tdi_28 > .wpb_wrapper > .tdc-elements{\r\n\t\t\t\t    width: 100%;\r\n\t\t\t\t}.tdi_28 > .wpb_wrapper > .vc_row_inner{\r\n\t\t\t\t    width: auto;\r\n\t\t\t\t}.tdi_28 > .wpb_wrapper{\r\n\t\t\t\t    width: auto;\r\n\t\t\t\t    height: auto;\r\n\t\t\t\t}\n<\/style><div class=\"wpb_wrapper\" ><div class=\"wpb_wrapper wpb_text_column td_block_wrap td_block_wrap vc_column_text tdi_29  tagdiv-type td-pb-border-top td_block_template_1\"  data-td-block-uid=\"tdi_29\" ><div class=\"td-fix-index\"><h2><span style=\"font-weight: 400;\">Vindstyrka kommt im April 2023<\/span><\/h2>\n<\/div><\/div><div class=\"wpb_wrapper wpb_text_column td_block_wrap td_block_wrap vc_column_text tdi_30  tagdiv-type td-pb-border-top td_block_template_1\"  data-td-block-uid=\"tdi_30\" ><div class=\"td-fix-index\"><p><span style=\"font-weight: 400;\">Wann k\u00f6nnen wir nun mit dem neuen Produkt rechnen? Ikea hat daf\u00fcr den April 2023 angesetzt. Ab dann soll Vindstyrka in allen Ikea-Einrichtungsh\u00e4usern zur Verf\u00fcgung stehen. <\/span><\/p>\n<\/div><\/div><div class=\"wpb_wrapper wpb_text_column td_block_wrap td_block_wrap vc_column_text tdi_31  tagdiv-type td-pb-border-top td_block_template_1\"  data-td-block-uid=\"tdi_31\" ><div class=\"td-fix-index\"><p><span style=\"font-weight: 400;\">Zum Kostenpunkt des Produkts wurde bis jetzt noch nichts n\u00e4heres angek\u00fcndigt. Aber so wie wir Ikea kennen, rechnen wir mit einem durchaus erschwinglichen Preis. Erste Sch\u00e4tzungen beginnen schon bei 40 Euro.<\/span><\/p>\n<\/div><\/div><\/div><\/div><\/div><\/div><div id=\"tdi_32\" class=\"tdc-row\"><div class=\"vc_row tdi_33  wpb_row td-pb-row\" >\n<style scoped>\n\/* custom css - generated by TagDiv Composer *\/\n\n\/* custom css - generated by TagDiv Composer *\/\n.tdi_33,\r\n                .tdi_33 .tdc-columns{\r\n                    min-height: 0;\r\n                }.tdi_33,\r\n\t\t\t\t.tdi_33 .tdc-columns{\r\n\t\t\t\t    display: block;\r\n\t\t\t\t}.tdi_33 .tdc-columns{\r\n\t\t\t\t    width: 100%;\r\n\t\t\t\t}.tdi_33:before,\r\n\t\t\t\t.tdi_33:after{\r\n\t\t\t\t    display: table;\r\n\t\t\t\t}\n<\/style><div class=\"vc_column tdi_35  wpb_column vc_column_container tdc-column td-pb-span12\">\n<style scoped>\n\/* custom css - generated by TagDiv Composer *\/\n\n\/* custom css - generated by TagDiv Composer *\/\n.tdi_35{\r\n                    vertical-align: baseline;\r\n                }.tdi_35 > .wpb_wrapper,\r\n\t\t\t\t.tdi_35 > .wpb_wrapper > .tdc-elements{\r\n\t\t\t\t    display: block;\r\n\t\t\t\t}.tdi_35 > .wpb_wrapper > .tdc-elements{\r\n\t\t\t\t    width: 100%;\r\n\t\t\t\t}.tdi_35 > .wpb_wrapper > .vc_row_inner{\r\n\t\t\t\t    width: auto;\r\n\t\t\t\t}.tdi_35 > .wpb_wrapper{\r\n\t\t\t\t    width: auto;\r\n\t\t\t\t    height: auto;\r\n\t\t\t\t}\n<\/style><div class=\"wpb_wrapper\" ><\/div><\/div><\/div><\/div><\/p>\n","protected":false},"excerpt":{"rendered":"","protected":false},"author":1,"featured_media":43505,"comment_status":"open","ping_status":"closed","sticky":false,"template":"","format":"standard","meta":{"_acf_changed":false,"_monsterinsights_skip_tracking":false,"_monsterinsights_sitenote_active":false,"_monsterinsights_sitenote_note":"","_monsterinsights_sitenote_category":0,"jetpack_post_was_ever_published":false,"_jetpack_newsletter_access":"","_jetpack_dont_email_post_to_subs":false,"_jetpack_newsletter_tier_id":0,"_jetpack_memberships_contains_paywalled_content":false,"iawp_total_views":134,"_jetpack_memberships_contains_paid_content":false,"footnotes":"","jetpack_publicize_message":"","jetpack_publicize_feature_enabled":true,"jetpack_social_post_already_shared":false,"jetpack_social_options":{"image_generator_settings":{"template":"highway","enabled":false},"version":2}},"categories":[1181],"tags":[],"brand":[],"jetpack_publicize_connections":[],"acf":[],"yoast_head":"<!-- This site is optimized with the Yoast SEO plugin v24.5 - https:\/\/yoast.com\/wordpress\/plugins\/seo\/ -->\n<title>Ikea k\u00fcndigt Luftqualit\u00e4tssensor &quot;Vindstyrka&quot; an | tink Blog<\/title>\n<meta name=\"description\" content=\"Ikea k\u00fcndigt einen neuen Luftqualit\u00e4tssensor an: Ein gro\u00dfes Display und Matter-Unterst\u00fctzung machen &quot;Vindstyrka&quot; 100% Smart Home-tauglich!\" \/>\n<meta name=\"robots\" content=\"index, follow, max-snippet:-1, max-image-preview:large, max-video-preview:-1\" \/>\n<link rel=\"canonical\" href=\"https:\/\/www.tink.de\/blog\/ikea-kuendigt-luftqualitaetssensor-vindstyrka-an\/\" \/>\n<meta property=\"og:locale\" content=\"de_DE\" \/>\n<meta property=\"og:type\" content=\"article\" \/>\n<meta property=\"og:title\" content=\"Ikea k\u00fcndigt Luftqualit\u00e4tssensor &quot;Vindstyrka&quot; an | tink Blog\" \/>\n<meta property=\"og:description\" content=\"Ikea k\u00fcndigt einen neuen Luftqualit\u00e4tssensor an: Ein gro\u00dfes Display und Matter-Unterst\u00fctzung machen &quot;Vindstyrka&quot; 100% Smart Home-tauglich!\" \/>\n<meta property=\"og:url\" content=\"https:\/\/www.tink.de\/blog\/ikea-kuendigt-luftqualitaetssensor-vindstyrka-an\/\" \/>\n<meta property=\"og:site_name\" content=\"tink Blog\" \/>\n<meta property=\"article:publisher\" content=\"https:\/\/www.facebook.com\/tinkh0me\" \/>\n<meta property=\"article:published_time\" content=\"2023-02-20T10:00:37+00:00\" \/>\n<meta property=\"article:modified_time\" content=\"2026-02-17T11:04:37+00:00\" \/>\n<meta property=\"og:image\" content=\"https:\/\/www.tink.de\/blog\/wp-content\/uploads\/2024\/02\/57106562.jpg\" \/>\n\t<meta property=\"og:image:width\" content=\"800\" \/>\n\t<meta property=\"og:image:height\" content=\"600\" \/>\n\t<meta property=\"og:image:type\" content=\"image\/jpeg\" \/>\n<meta name=\"author\" content=\"tink\" \/>\n<meta name=\"twitter:card\" content=\"summary_large_image\" \/>\n<meta name=\"twitter:label1\" content=\"Verfasst von\" \/>\n\t<meta name=\"twitter:data1\" content=\"tink\" \/>\n\t<meta name=\"twitter:label2\" content=\"Gesch\u00e4tzte Lesezeit\" \/>\n\t<meta name=\"twitter:data2\" content=\"3\u00a0Minuten\" \/>\n<script type=\"application\/ld+json\" class=\"yoast-schema-graph\">{\"@context\":\"https:\/\/schema.org\",\"@graph\":[{\"@type\":\"Article\",\"@id\":\"https:\/\/www.tink.de\/blog\/ikea-kuendigt-luftqualitaetssensor-vindstyrka-an\/#article\",\"isPartOf\":{\"@id\":\"https:\/\/www.tink.de\/blog\/ikea-kuendigt-luftqualitaetssensor-vindstyrka-an\/\"},\"author\":{\"name\":\"tink\",\"@id\":\"https:\/\/www.tink.de\/blog\/#\/schema\/person\/88075dc90b44377a42600e23f9b47120\"},\"headline\":\"Ikea k\u00fcndigt Luftqualit\u00e4tssensor &#8222;Vindstyrka&#8220; an\",\"datePublished\":\"2023-02-20T10:00:37+00:00\",\"dateModified\":\"2026-02-17T11:04:37+00:00\",\"mainEntityOfPage\":{\"@id\":\"https:\/\/www.tink.de\/blog\/ikea-kuendigt-luftqualitaetssensor-vindstyrka-an\/\"},\"wordCount\":590,\"commentCount\":0,\"publisher\":{\"@id\":\"https:\/\/www.tink.de\/blog\/#organization\"},\"image\":{\"@id\":\"https:\/\/www.tink.de\/blog\/ikea-kuendigt-luftqualitaetssensor-vindstyrka-an\/#primaryimage\"},\"thumbnailUrl\":\"https:\/\/i0.wp.com\/www.tink.de\/blog\/wp-content\/uploads\/2024\/02\/57106562.jpg?fit=800%2C600&ssl=1\",\"articleSection\":[\"Smart Home News\"],\"inLanguage\":\"de\",\"potentialAction\":[{\"@type\":\"CommentAction\",\"name\":\"Comment\",\"target\":[\"https:\/\/www.tink.de\/blog\/ikea-kuendigt-luftqualitaetssensor-vindstyrka-an\/#respond\"]}]},{\"@type\":\"WebPage\",\"@id\":\"https:\/\/www.tink.de\/blog\/ikea-kuendigt-luftqualitaetssensor-vindstyrka-an\/\",\"url\":\"https:\/\/www.tink.de\/blog\/ikea-kuendigt-luftqualitaetssensor-vindstyrka-an\/\",\"name\":\"Ikea k\u00fcndigt Luftqualit\u00e4tssensor \\\"Vindstyrka\\\" an | tink Blog\",\"isPartOf\":{\"@id\":\"https:\/\/www.tink.de\/blog\/#website\"},\"primaryImageOfPage\":{\"@id\":\"https:\/\/www.tink.de\/blog\/ikea-kuendigt-luftqualitaetssensor-vindstyrka-an\/#primaryimage\"},\"image\":{\"@id\":\"https:\/\/www.tink.de\/blog\/ikea-kuendigt-luftqualitaetssensor-vindstyrka-an\/#primaryimage\"},\"thumbnailUrl\":\"https:\/\/i0.wp.com\/www.tink.de\/blog\/wp-content\/uploads\/2024\/02\/57106562.jpg?fit=800%2C600&ssl=1\",\"datePublished\":\"2023-02-20T10:00:37+00:00\",\"dateModified\":\"2026-02-17T11:04:37+00:00\",\"description\":\"Ikea k\u00fcndigt einen neuen Luftqualit\u00e4tssensor an: Ein gro\u00dfes Display und Matter-Unterst\u00fctzung machen \\\"Vindstyrka\\\" 100% Smart Home-tauglich!\",\"breadcrumb\":{\"@id\":\"https:\/\/www.tink.de\/blog\/ikea-kuendigt-luftqualitaetssensor-vindstyrka-an\/#breadcrumb\"},\"inLanguage\":\"de\",\"potentialAction\":[{\"@type\":\"ReadAction\",\"target\":[\"https:\/\/www.tink.de\/blog\/ikea-kuendigt-luftqualitaetssensor-vindstyrka-an\/\"]}]},{\"@type\":\"ImageObject\",\"inLanguage\":\"de\",\"@id\":\"https:\/\/www.tink.de\/blog\/ikea-kuendigt-luftqualitaetssensor-vindstyrka-an\/#primaryimage\",\"url\":\"https:\/\/i0.wp.com\/www.tink.de\/blog\/wp-content\/uploads\/2024\/02\/57106562.jpg?fit=800%2C600&ssl=1\",\"contentUrl\":\"https:\/\/i0.wp.com\/www.tink.de\/blog\/wp-content\/uploads\/2024\/02\/57106562.jpg?fit=800%2C600&ssl=1\",\"width\":800,\"height\":600},{\"@type\":\"BreadcrumbList\",\"@id\":\"https:\/\/www.tink.de\/blog\/ikea-kuendigt-luftqualitaetssensor-vindstyrka-an\/#breadcrumb\",\"itemListElement\":[{\"@type\":\"ListItem\",\"position\":1,\"name\":\"Home\",\"item\":\"https:\/\/www.tink.de\/blog\/\"},{\"@type\":\"ListItem\",\"position\":2,\"name\":\"Ikea k\u00fcndigt Luftqualit\u00e4tssensor &#8222;Vindstyrka&#8220; an\"}]},{\"@type\":\"WebSite\",\"@id\":\"https:\/\/www.tink.de\/blog\/#website\",\"url\":\"https:\/\/www.tink.de\/blog\/\",\"name\":\"tink Blog\",\"description\":\"tink Smart Home Blog\",\"publisher\":{\"@id\":\"https:\/\/www.tink.de\/blog\/#organization\"},\"potentialAction\":[{\"@type\":\"SearchAction\",\"target\":{\"@type\":\"EntryPoint\",\"urlTemplate\":\"https:\/\/www.tink.de\/blog\/?s={search_term_string}\"},\"query-input\":{\"@type\":\"PropertyValueSpecification\",\"valueRequired\":true,\"valueName\":\"search_term_string\"}}],\"inLanguage\":\"de\"},{\"@type\":\"Organization\",\"@id\":\"https:\/\/www.tink.de\/blog\/#organization\",\"name\":\"tink GmbH\",\"alternateName\":\"tink\",\"url\":\"https:\/\/www.tink.de\/blog\/\",\"logo\":{\"@type\":\"ImageObject\",\"inLanguage\":\"de\",\"@id\":\"https:\/\/www.tink.de\/blog\/#\/schema\/logo\/image\/\",\"url\":\"https:\/\/i0.wp.com\/www.tink.de\/blog\/wp-content\/uploads\/2025\/08\/Group-4157.png?fit=264%2C265&ssl=1\",\"contentUrl\":\"https:\/\/i0.wp.com\/www.tink.de\/blog\/wp-content\/uploads\/2025\/08\/Group-4157.png?fit=264%2C265&ssl=1\",\"width\":264,\"height\":265,\"caption\":\"tink GmbH\"},\"image\":{\"@id\":\"https:\/\/www.tink.de\/blog\/#\/schema\/logo\/image\/\"},\"sameAs\":[\"https:\/\/www.facebook.com\/tinkh0me\",\"https:\/\/www.instagram.com\/tink\",\"https:\/\/de.linkedin.com\/company\/tink-gmbh\",\"https:\/\/www.youtube.com\/channel\/UCBhIvY0GdaK8Wc-5WWv8Kjw\"]},{\"@type\":\"Person\",\"@id\":\"https:\/\/www.tink.de\/blog\/#\/schema\/person\/88075dc90b44377a42600e23f9b47120\",\"name\":\"tink\",\"image\":{\"@type\":\"ImageObject\",\"inLanguage\":\"de\",\"@id\":\"https:\/\/www.tink.de\/blog\/#\/schema\/person\/image\/\",\"url\":\"https:\/\/secure.gravatar.com\/avatar\/20f2886dce53e05a67d57ce0ebf3b21f?s=96&d=mm&r=g\",\"contentUrl\":\"https:\/\/secure.gravatar.com\/avatar\/20f2886dce53e05a67d57ce0ebf3b21f?s=96&d=mm&r=g\",\"caption\":\"tink\"},\"url\":\"https:\/\/www.tink.de\/blog\/author\/tink\/\"}]}<\/script>\n<!-- \/ Yoast SEO plugin. -->","yoast_head_json":{"title":"Ikea k\u00fcndigt Luftqualit\u00e4tssensor \"Vindstyrka\" an | tink Blog","description":"Ikea k\u00fcndigt einen neuen Luftqualit\u00e4tssensor an: Ein gro\u00dfes Display und Matter-Unterst\u00fctzung machen \"Vindstyrka\" 100% Smart Home-tauglich!","robots":{"index":"index","follow":"follow","max-snippet":"max-snippet:-1","max-image-preview":"max-image-preview:large","max-video-preview":"max-video-preview:-1"},"canonical":"https:\/\/www.tink.de\/blog\/ikea-kuendigt-luftqualitaetssensor-vindstyrka-an\/","og_locale":"de_DE","og_type":"article","og_title":"Ikea k\u00fcndigt Luftqualit\u00e4tssensor \"Vindstyrka\" an | tink Blog","og_description":"Ikea k\u00fcndigt einen neuen Luftqualit\u00e4tssensor an: Ein gro\u00dfes Display und Matter-Unterst\u00fctzung machen \"Vindstyrka\" 100% Smart Home-tauglich!","og_url":"https:\/\/www.tink.de\/blog\/ikea-kuendigt-luftqualitaetssensor-vindstyrka-an\/","og_site_name":"tink Blog","article_publisher":"https:\/\/www.facebook.com\/tinkh0me","article_published_time":"2023-02-20T10:00:37+00:00","article_modified_time":"2026-02-17T11:04:37+00:00","og_image":[{"width":800,"height":600,"url":"https:\/\/www.tink.de\/blog\/wp-content\/uploads\/2024\/02\/57106562.jpg","type":"image\/jpeg"}],"author":"tink","twitter_card":"summary_large_image","twitter_misc":{"Verfasst von":"tink","Gesch\u00e4tzte Lesezeit":"3\u00a0Minuten"},"schema":{"@context":"https:\/\/schema.org","@graph":[{"@type":"Article","@id":"https:\/\/www.tink.de\/blog\/ikea-kuendigt-luftqualitaetssensor-vindstyrka-an\/#article","isPartOf":{"@id":"https:\/\/www.tink.de\/blog\/ikea-kuendigt-luftqualitaetssensor-vindstyrka-an\/"},"author":{"name":"tink","@id":"https:\/\/www.tink.de\/blog\/#\/schema\/person\/88075dc90b44377a42600e23f9b47120"},"headline":"Ikea k\u00fcndigt Luftqualit\u00e4tssensor &#8222;Vindstyrka&#8220; an","datePublished":"2023-02-20T10:00:37+00:00","dateModified":"2026-02-17T11:04:37+00:00","mainEntityOfPage":{"@id":"https:\/\/www.tink.de\/blog\/ikea-kuendigt-luftqualitaetssensor-vindstyrka-an\/"},"wordCount":590,"commentCount":0,"publisher":{"@id":"https:\/\/www.tink.de\/blog\/#organization"},"image":{"@id":"https:\/\/www.tink.de\/blog\/ikea-kuendigt-luftqualitaetssensor-vindstyrka-an\/#primaryimage"},"thumbnailUrl":"https:\/\/i0.wp.com\/www.tink.de\/blog\/wp-content\/uploads\/2024\/02\/57106562.jpg?fit=800%2C600&ssl=1","articleSection":["Smart Home News"],"inLanguage":"de","potentialAction":[{"@type":"CommentAction","name":"Comment","target":["https:\/\/www.tink.de\/blog\/ikea-kuendigt-luftqualitaetssensor-vindstyrka-an\/#respond"]}]},{"@type":"WebPage","@id":"https:\/\/www.tink.de\/blog\/ikea-kuendigt-luftqualitaetssensor-vindstyrka-an\/","url":"https:\/\/www.tink.de\/blog\/ikea-kuendigt-luftqualitaetssensor-vindstyrka-an\/","name":"Ikea k\u00fcndigt Luftqualit\u00e4tssensor \"Vindstyrka\" an | tink Blog","isPartOf":{"@id":"https:\/\/www.tink.de\/blog\/#website"},"primaryImageOfPage":{"@id":"https:\/\/www.tink.de\/blog\/ikea-kuendigt-luftqualitaetssensor-vindstyrka-an\/#primaryimage"},"image":{"@id":"https:\/\/www.tink.de\/blog\/ikea-kuendigt-luftqualitaetssensor-vindstyrka-an\/#primaryimage"},"thumbnailUrl":"https:\/\/i0.wp.com\/www.tink.de\/blog\/wp-content\/uploads\/2024\/02\/57106562.jpg?fit=800%2C600&ssl=1","datePublished":"2023-02-20T10:00:37+00:00","dateModified":"2026-02-17T11:04:37+00:00","description":"Ikea k\u00fcndigt einen neuen Luftqualit\u00e4tssensor an: Ein gro\u00dfes Display und Matter-Unterst\u00fctzung machen \"Vindstyrka\" 100% Smart Home-tauglich!","breadcrumb":{"@id":"https:\/\/www.tink.de\/blog\/ikea-kuendigt-luftqualitaetssensor-vindstyrka-an\/#breadcrumb"},"inLanguage":"de","potentialAction":[{"@type":"ReadAction","target":["https:\/\/www.tink.de\/blog\/ikea-kuendigt-luftqualitaetssensor-vindstyrka-an\/"]}]},{"@type":"ImageObject","inLanguage":"de","@id":"https:\/\/www.tink.de\/blog\/ikea-kuendigt-luftqualitaetssensor-vindstyrka-an\/#primaryimage","url":"https:\/\/i0.wp.com\/www.tink.de\/blog\/wp-content\/uploads\/2024\/02\/57106562.jpg?fit=800%2C600&ssl=1","contentUrl":"https:\/\/i0.wp.com\/www.tink.de\/blog\/wp-content\/uploads\/2024\/02\/57106562.jpg?fit=800%2C600&ssl=1","width":800,"height":600},{"@type":"BreadcrumbList","@id":"https:\/\/www.tink.de\/blog\/ikea-kuendigt-luftqualitaetssensor-vindstyrka-an\/#breadcrumb","itemListElement":[{"@type":"ListItem","position":1,"name":"Home","item":"https:\/\/www.tink.de\/blog\/"},{"@type":"ListItem","position":2,"name":"Ikea k\u00fcndigt Luftqualit\u00e4tssensor &#8222;Vindstyrka&#8220; an"}]},{"@type":"WebSite","@id":"https:\/\/www.tink.de\/blog\/#website","url":"https:\/\/www.tink.de\/blog\/","name":"tink Blog","description":"tink Smart Home Blog","publisher":{"@id":"https:\/\/www.tink.de\/blog\/#organization"},"potentialAction":[{"@type":"SearchAction","target":{"@type":"EntryPoint","urlTemplate":"https:\/\/www.tink.de\/blog\/?s={search_term_string}"},"query-input":{"@type":"PropertyValueSpecification","valueRequired":true,"valueName":"search_term_string"}}],"inLanguage":"de"},{"@type":"Organization","@id":"https:\/\/www.tink.de\/blog\/#organization","name":"tink GmbH","alternateName":"tink","url":"https:\/\/www.tink.de\/blog\/","logo":{"@type":"ImageObject","inLanguage":"de","@id":"https:\/\/www.tink.de\/blog\/#\/schema\/logo\/image\/","url":"https:\/\/i0.wp.com\/www.tink.de\/blog\/wp-content\/uploads\/2025\/08\/Group-4157.png?fit=264%2C265&ssl=1","contentUrl":"https:\/\/i0.wp.com\/www.tink.de\/blog\/wp-content\/uploads\/2025\/08\/Group-4157.png?fit=264%2C265&ssl=1","width":264,"height":265,"caption":"tink GmbH"},"image":{"@id":"https:\/\/www.tink.de\/blog\/#\/schema\/logo\/image\/"},"sameAs":["https:\/\/www.facebook.com\/tinkh0me","https:\/\/www.instagram.com\/tink","https:\/\/de.linkedin.com\/company\/tink-gmbh","https:\/\/www.youtube.com\/channel\/UCBhIvY0GdaK8Wc-5WWv8Kjw"]},{"@type":"Person","@id":"https:\/\/www.tink.de\/blog\/#\/schema\/person\/88075dc90b44377a42600e23f9b47120","name":"tink","image":{"@type":"ImageObject","inLanguage":"de","@id":"https:\/\/www.tink.de\/blog\/#\/schema\/person\/image\/","url":"https:\/\/secure.gravatar.com\/avatar\/20f2886dce53e05a67d57ce0ebf3b21f?s=96&d=mm&r=g","contentUrl":"https:\/\/secure.gravatar.com\/avatar\/20f2886dce53e05a67d57ce0ebf3b21f?s=96&d=mm&r=g","caption":"tink"},"url":"https:\/\/www.tink.de\/blog\/author\/tink\/"}]}},"jetpack_featured_media_url":"https:\/\/i0.wp.com\/www.tink.de\/blog\/wp-content\/uploads\/2024\/02\/57106562.jpg?fit=800%2C600&ssl=1","jetpack_sharing_enabled":true,"_links":{"self":[{"href":"https:\/\/www.tink.de\/blog\/wp-json\/wp\/v2\/posts\/43504"}],"collection":[{"href":"https:\/\/www.tink.de\/blog\/wp-json\/wp\/v2\/posts"}],"about":[{"href":"https:\/\/www.tink.de\/blog\/wp-json\/wp\/v2\/types\/post"}],"author":[{"embeddable":true,"href":"https:\/\/www.tink.de\/blog\/wp-json\/wp\/v2\/users\/1"}],"replies":[{"embeddable":true,"href":"https:\/\/www.tink.de\/blog\/wp-json\/wp\/v2\/comments?post=43504"}],"version-history":[{"count":2,"href":"https:\/\/www.tink.de\/blog\/wp-json\/wp\/v2\/posts\/43504\/revisions"}],"predecessor-version":[{"id":49697,"href":"https:\/\/www.tink.de\/blog\/wp-json\/wp\/v2\/posts\/43504\/revisions\/49697"}],"wp:featuredmedia":[{"embeddable":true,"href":"https:\/\/www.tink.de\/blog\/wp-json\/wp\/v2\/media\/43505"}],"wp:attachment":[{"href":"https:\/\/www.tink.de\/blog\/wp-json\/wp\/v2\/media?parent=43504"}],"wp:term":[{"taxonomy":"category","embeddable":true,"href":"https:\/\/www.tink.de\/blog\/wp-json\/wp\/v2\/categories?post=43504"},{"taxonomy":"post_tag","embeddable":true,"href":"https:\/\/www.tink.de\/blog\/wp-json\/wp\/v2\/tags?post=43504"},{"taxonomy":"brand","embeddable":true,"href":"https:\/\/www.tink.de\/blog\/wp-json\/wp\/v2\/brand?post=43504"}],"curies":[{"name":"wp","href":"https:\/\/api.w.org\/{rel}","templated":true}]}}