{"id":43486,"date":"2023-02-08T13:00:48","date_gmt":"2023-02-08T12:00:48","guid":{"rendered":"http:\/\/sftp-tink.com\/so-startest-du-deine-fitbit-geraete-neu\/"},"modified":"2026-02-11T16:59:19","modified_gmt":"2026-02-11T15:59:19","slug":"so-startest-du-deine-fitbit-geraete-neu","status":"publish","type":"post","link":"https:\/\/www.tink.de\/blog\/so-startest-du-deine-fitbit-geraete-neu\/","title":{"rendered":"So startest Du Deine Fitbit-Ger\u00e4te neu"},"content":{"rendered":"<p><div id=\"tdi_1\" class=\"tdc-row\"><div class=\"vc_row tdi_2  wpb_row td-pb-row\" >\n<style scoped>\n\/* custom css - generated by TagDiv Composer *\/\n\n\/* custom css - generated by TagDiv Composer *\/\n.tdi_2,\r\n                .tdi_2 .tdc-columns{\r\n                    min-height: 0;\r\n                }.tdi_2,\r\n\t\t\t\t.tdi_2 .tdc-columns{\r\n\t\t\t\t    display: block;\r\n\t\t\t\t}.tdi_2 .tdc-columns{\r\n\t\t\t\t    width: 100%;\r\n\t\t\t\t}.tdi_2:before,\r\n\t\t\t\t.tdi_2:after{\r\n\t\t\t\t    display: table;\r\n\t\t\t\t}\n<\/style><div class=\"vc_column tdi_4  wpb_column vc_column_container tdc-column td-pb-span12\">\n<style scoped>\n\/* custom css - generated by TagDiv Composer *\/\n\n\/* custom css - generated by TagDiv Composer *\/\n.tdi_4{\r\n                    vertical-align: baseline;\r\n                }.tdi_4 > .wpb_wrapper,\r\n\t\t\t\t.tdi_4 > .wpb_wrapper > .tdc-elements{\r\n\t\t\t\t    display: block;\r\n\t\t\t\t}.tdi_4 > .wpb_wrapper > .tdc-elements{\r\n\t\t\t\t    width: 100%;\r\n\t\t\t\t}.tdi_4 > .wpb_wrapper > .vc_row_inner{\r\n\t\t\t\t    width: auto;\r\n\t\t\t\t}.tdi_4 > .wpb_wrapper{\r\n\t\t\t\t    width: auto;\r\n\t\t\t\t    height: auto;\r\n\t\t\t\t}\n<\/style><div class=\"wpb_wrapper\" ><div class=\"wpb_wrapper wpb_text_column td_block_wrap td_block_wrap vc_column_text tdi_5  tagdiv-type td-pb-border-top td_block_template_1\"  data-td-block-uid=\"tdi_5\" >\n<style>\n\/* custom css - generated by TagDiv Composer *\/\n.vc_column_text > .td-element-style{\r\n\t\t\t\t\tz-index: -1;\r\n\t\t\t\t}\n<\/style><div class=\"td-fix-index\"><p><span style=\"font-weight: 400;\">Hast Du Probleme mit Deinem Fitbit-Ger\u00e4t, ist manchmal ein Neustart die einfachste L\u00f6sung. Ganz nach dem Motto \u201cHave you tried turning it off and on again?\u201d wollen wir Dich heute an den Neustart-Prozess von Fitbit-Ger\u00e4ten heranf\u00fchren. Wie\u2019s geht, erf\u00e4hrst Du jetzt.<\/span><\/p>\n<\/div><\/div><\/div><\/div><\/div><\/div><div id=\"tdi_6\" class=\"tdc-row\"><div class=\"vc_row tdi_7  wpb_row td-pb-row\" >\n<style scoped>\n\/* custom css - generated by TagDiv Composer *\/\n\n\/* custom css - generated by TagDiv Composer *\/\n.tdi_7,\r\n                .tdi_7 .tdc-columns{\r\n                    min-height: 0;\r\n                }.tdi_7,\r\n\t\t\t\t.tdi_7 .tdc-columns{\r\n\t\t\t\t    display: block;\r\n\t\t\t\t}.tdi_7 .tdc-columns{\r\n\t\t\t\t    width: 100%;\r\n\t\t\t\t}.tdi_7:before,\r\n\t\t\t\t.tdi_7:after{\r\n\t\t\t\t    display: table;\r\n\t\t\t\t}\n<\/style><div class=\"vc_column tdi_9  wpb_column vc_column_container tdc-column td-pb-span12\">\n<style scoped>\n\/* custom css - generated by TagDiv Composer *\/\n\n\/* custom css - generated by TagDiv Composer *\/\n.tdi_9{\r\n                    vertical-align: baseline;\r\n                }.tdi_9 > .wpb_wrapper,\r\n\t\t\t\t.tdi_9 > .wpb_wrapper > .tdc-elements{\r\n\t\t\t\t    display: block;\r\n\t\t\t\t}.tdi_9 > .wpb_wrapper > .tdc-elements{\r\n\t\t\t\t    width: 100%;\r\n\t\t\t\t}.tdi_9 > .wpb_wrapper > .vc_row_inner{\r\n\t\t\t\t    width: auto;\r\n\t\t\t\t}.tdi_9 > .wpb_wrapper{\r\n\t\t\t\t    width: auto;\r\n\t\t\t\t    height: auto;\r\n\t\t\t\t}\n<\/style><div class=\"wpb_wrapper\" ><div class=\"wpb_wrapper wpb_text_column td_block_wrap td_block_wrap vc_column_text tdi_10  tagdiv-type td-pb-border-top td_block_template_1\"  data-td-block-uid=\"tdi_10\" ><div class=\"td-fix-index\"><h2><span style=\"font-weight: 400;\">Wann sollte ich mein Fitbit-Ger\u00e4t neu starten?<\/span><\/h2>\n<\/div><\/div><div class=\"wpb_wrapper wpb_text_column td_block_wrap td_block_wrap vc_column_text tdi_11  tagdiv-type td-pb-border-top td_block_template_1\"  data-td-block-uid=\"tdi_11\" ><div class=\"td-fix-index\"><p><span style=\"font-weight: 400;\">Einige, aber nicht alle Probleme auf Deinen digitalen Ger\u00e4ten lassen sich durch einen simplen Neustart beheben. Dazu geh\u00f6rt, wenn Dein Ger\u00e4t sich nicht synchronisiert, nicht auf das Antippen, Wischen oder Dr\u00fccken von Tasten reagiert, Deine Schritte oder Daten nicht aufzeichnet oder Dir keine Benachrichtigungen oder Erinnerungen anzeigt.<\/span><\/p>\n<\/div><\/div><div class=\"wpb_wrapper wpb_text_column td_block_wrap td_block_wrap vc_column_text tdi_12  tagdiv-type td-pb-border-top td_block_template_1\"  data-td-block-uid=\"tdi_12\" ><div class=\"td-fix-index\"><p><span style=\"font-weight: 400;\">Beim Neustart schaltest Du das Ger\u00e4t einmal kurz aus und wieder an. Deine Aktivit\u00e4tsdaten gehen dabei gl\u00fccklicherweise nicht verloren, aber durch das erneute Hochfahren des Ger\u00e4ts lassen sich einige Software-Probleme fixen.<\/span><\/p>\n<\/div><\/div><div class=\"wpb_wrapper td_block_single_image td_block_wrap\"><\/div><\/div><\/div><\/div><\/div><div id=\"tdi_14\" class=\"tdc-row\"><div class=\"vc_row tdi_15  wpb_row td-pb-row\" >\n<style scoped>\n\/* custom css - generated by TagDiv Composer *\/\n\n\/* custom css - generated by TagDiv Composer *\/\n.tdi_15,\r\n                .tdi_15 .tdc-columns{\r\n                    min-height: 0;\r\n                }.tdi_15,\r\n\t\t\t\t.tdi_15 .tdc-columns{\r\n\t\t\t\t    display: block;\r\n\t\t\t\t}.tdi_15 .tdc-columns{\r\n\t\t\t\t    width: 100%;\r\n\t\t\t\t}.tdi_15:before,\r\n\t\t\t\t.tdi_15:after{\r\n\t\t\t\t    display: table;\r\n\t\t\t\t}\n<\/style><div class=\"vc_column tdi_17  wpb_column vc_column_container tdc-column td-pb-span12\">\n<style scoped>\n\/* custom css - generated by TagDiv Composer *\/\n\n\/* custom css - generated by TagDiv Composer *\/\n.tdi_17{\r\n                    vertical-align: baseline;\r\n                }.tdi_17 > .wpb_wrapper,\r\n\t\t\t\t.tdi_17 > .wpb_wrapper > .tdc-elements{\r\n\t\t\t\t    display: block;\r\n\t\t\t\t}.tdi_17 > .wpb_wrapper > .tdc-elements{\r\n\t\t\t\t    width: 100%;\r\n\t\t\t\t}.tdi_17 > .wpb_wrapper > .vc_row_inner{\r\n\t\t\t\t    width: auto;\r\n\t\t\t\t}.tdi_17 > .wpb_wrapper{\r\n\t\t\t\t    width: auto;\r\n\t\t\t\t    height: auto;\r\n\t\t\t\t}\n<\/style><div class=\"wpb_wrapper\" ><div class=\"wpb_wrapper wpb_text_column td_block_wrap td_block_wrap vc_column_text tdi_18  tagdiv-type td-pb-border-top td_block_template_1\"  data-td-block-uid=\"tdi_18\" ><div class=\"td-fix-index\"><h2><span style=\"font-weight: 400;\">Die Fitbit-Ger\u00e4te und wie Du sie neu startest<\/span><\/h2>\n<\/div><\/div><div class=\"wpb_wrapper wpb_text_column td_block_wrap td_block_wrap vc_column_text tdi_19  tagdiv-type td-pb-border-top td_block_template_1\"  data-td-block-uid=\"tdi_19\" ><div class=\"td-fix-index\"><p><span style=\"font-weight: 400;\">Hier gibt\u2019s jetzt eine \u00dcbersicht \u00fcber verschiedene Fitbit-Ger\u00e4te und wie Du diese neu startest. Eine wichtige Anmerkung vorweg: Du kennst es vielleicht von einigen Smartphones oder anderen Ger\u00e4ten, dass Du mit einem d\u00fcnnen St\u00e4bchen in ein kleines Loch dr\u00fccken musst, um einen Neustart durchzuf\u00fchren. Das ist bei Fitbit-Ger\u00e4ten nicht so! Die L\u00f6cher an den Smartwatches dienen als Mikrofon oder H\u00f6henmesser, f\u00fchre hier also bitte keine B\u00fcroklammern, Zahnstocher oder \u00c4hnliches ein. Schlimmstenfalls besch\u00e4digt dies das Ger\u00e4t.<\/span><\/p>\n<\/div><\/div><div class=\"wpb_wrapper td_block_single_image td_block_wrap\"><\/div><div class=\"wpb_wrapper wpb_text_column td_block_wrap td_block_wrap vc_column_text tdi_21  tagdiv-type td-pb-border-top td_block_template_1\"  data-td-block-uid=\"tdi_21\" ><div class=\"td-fix-index\"><h3><span style=\"font-weight: 400;\">Grundregeln f\u00fcr den Neustart Deiner Fitbit<\/span><\/h3>\n<\/div><\/div><div class=\"wpb_wrapper wpb_text_column td_block_wrap td_block_wrap vc_column_text tdi_22  tagdiv-type td-pb-border-top td_block_template_1\"  data-td-block-uid=\"tdi_22\" ><div class=\"td-fix-index\"><p><span style=\"font-weight: 400;\">Trotz kleinen Unterschieden l\u00e4sst sich der Neustart der Ger\u00e4te modell\u00fcbergreifend auf relativ \u00e4hnliche Art und Weise initiieren.<\/span><\/p>\n<\/div><\/div><div class=\"wpb_wrapper wpb_text_column td_block_wrap td_block_wrap vc_column_text tdi_23  tagdiv-type td-pb-border-top td_block_template_1\"  data-td-block-uid=\"tdi_23\" ><div class=\"td-fix-index\"><p><span style=\"font-weight: 400;\">Wenn sich Dein Ger\u00e4t von Dir bedienen l\u00e4sst, kannst Du in den meisten Fitbit-Ger\u00e4ten unter den Einstellungen die Option \u201cNeustart\u201d finden. W\u00e4hlst Du diese aus, startet das Ger\u00e4t sich von selbst neu.<\/span><\/p>\n<\/div><\/div><div class=\"wpb_wrapper wpb_text_column td_block_wrap td_block_wrap vc_column_text tdi_24  tagdiv-type td-pb-border-top td_block_template_1\"  data-td-block-uid=\"tdi_24\" ><div class=\"td-fix-index\"><p><span style=\"font-weight: 400;\">Einen erzwungenen Neustart initiierst Du oft \u00fcber den Knopf oder die Kn\u00f6pfe an der Seite der Fitbit-Ger\u00e4te. Manche Ger\u00e4te m\u00fcssen dabei \u00fcbers Ladekabel an ein Ladeger\u00e4t oder einen PC angeschlossen werden. Halte den oder die Kn\u00f6pfe so lang gedr\u00fcckt, bis Dir das Fitbit-Logo oder ein Smiley auf dem Bildschirm angezeigt wird und die Uhr vibriert.<\/span><\/p>\n<\/div><\/div><div class=\"wpb_wrapper wpb_text_column td_block_wrap td_block_wrap vc_column_text tdi_25  tagdiv-type td-pb-border-top td_block_template_1\"  data-td-block-uid=\"tdi_25\" ><div class=\"td-fix-index\"><p><span style=\"font-weight: 400;\">Andere Ger\u00e4te haben ihren Neustart-Knopf an dem Ende vom Ladekabel verbaut, das Du ans Ladeger\u00e4t oder Deinen PC anschlie\u00dft. Schlie\u00dfe das Fitbit-Ger\u00e4t an und dr\u00fccke den Ladekabel-Knopf dreimal mit kleineren Abst\u00e4nden, schon sollte sich das Ger\u00e4t neu starten.<\/span><\/p>\n<\/div><\/div><div class=\"wpb_wrapper wpb_text_column td_block_wrap td_block_wrap vc_column_text tdi_26  tagdiv-type td-pb-border-top td_block_template_1\"  data-td-block-uid=\"tdi_26\" ><div class=\"td-fix-index\"><p><span style=\"font-weight: 400;\">Genauere Infos findest Du untenstehend oder <a href=\"https:\/\/help.fitbit.com\/articles\/de\/Help_article\/1186.htm#:~:text=Dr%C3%BCcke%20und%20halte%20die%20Taste,sich%20der%20Tracker%20neu%20gestartet.\">auf help.fitbit.com<\/a>.<\/span><\/p>\n<\/div><\/div><div class=\"wpb_wrapper wpb_text_column td_block_wrap td_block_wrap vc_column_text tdi_27  tagdiv-type td-pb-border-top td_block_template_1\"  data-td-block-uid=\"tdi_27\" ><div class=\"td-fix-index\"><p>[atkp_product id=&#8217;45467&#8242; template=&#8217;secondwide&#8216;][\/atkp_product]<\/p>\n<h3><span style=\"font-weight: 400;\">Fitbit Ionic, Fitbit Sense-Serie und Fitbit Versa-Serie neu starten<\/span><\/h3>\n<\/div><\/div><div class=\"wpb_wrapper wpb_text_column td_block_wrap td_block_wrap vc_column_text tdi_28  tagdiv-type td-pb-border-top td_block_template_1\"  data-td-block-uid=\"tdi_28\" ><div class=\"td-fix-index\"><p><span style=\"font-weight: 400;\">Wenn Deine Fitbit-Smartwatch noch bedienbar ist und Du trotzdem einen Neustart durchf\u00fchren willst, kannst Du dies in den Einstellungen unter dem letzten Punkt \u201cAbout\u201d machen. Dort findest Du, nachdem Du wieder nach ganz unten gescrollt hast, die Option \u201cNeustart\u201d, die Du nur einmal anklicken musst.<\/span><\/p>\n<\/div><\/div><div class=\"wpb_wrapper wpb_text_column td_block_wrap td_block_wrap vc_column_text tdi_29  tagdiv-type td-pb-border-top td_block_template_1\"  data-td-block-uid=\"tdi_29\" ><div class=\"td-fix-index\"><p><span style=\"font-weight: 400;\">Reagiert Dein Ger\u00e4t nicht mehr auf die Touchscreen-Bedienung, musst Du den Neustart erzwingen. Bei den Fitbit Ionic, Sense und Versa Ger\u00e4ten befindet sich an der linken Seite ein Knopf, den Du zum erzwungenen Neustarten gedr\u00fcckt halten musst. Hat Dein Ger\u00e4t noch zwei Steuerkn\u00f6pfe an der rechten Seite, musst Du den unteren der beiden zusammen mit dem Knopf auf der rechten Seite gedr\u00fcckt halten.<\/span><\/p>\n<\/div><\/div><div class=\"wpb_wrapper td_block_single_image td_block_wrap\"><\/div><div class=\"wpb_wrapper wpb_text_column td_block_wrap td_block_wrap vc_column_text tdi_31  tagdiv-type td-pb-border-top td_block_template_1\"  data-td-block-uid=\"tdi_31\" ><div class=\"td-fix-index\"><p><span style=\"font-weight: 400;\">Halte den Knopf oder die Kn\u00f6pfe so lange gedr\u00fcckt, bis Dir das Fitbit-Logo auf dem Bildschirm angezeigt wird. Das kann bis zu 15 Sekunden dauern. Danach kannst Du den Knopf loslassen und warten, bis die Smartwatch wieder komplett hochgefahren ist \u2013 fertig.<\/span><\/p>\n<\/div><\/div><div class=\"wpb_wrapper wpb_text_column td_block_wrap td_block_wrap vc_column_text tdi_32  tagdiv-type td-pb-border-top td_block_template_1\"  data-td-block-uid=\"tdi_32\" ><div class=\"td-fix-index\"><h3><span style=\"font-weight: 400;\">Fitbit Charge 2, 3 und 4 neu starten<\/span><\/h3>\n<\/div><\/div><div class=\"wpb_wrapper wpb_text_column td_block_wrap td_block_wrap vc_column_text tdi_33  tagdiv-type td-pb-border-top td_block_template_1\"  data-td-block-uid=\"tdi_33\" ><div class=\"td-fix-index\"><p><span style=\"font-weight: 400;\">Kannst Du Deine Fitbit Charge 3 oder 4 noch bedienen, gehe f\u00fcr einen Neustart in die Einstellungen und tippe dort auf \u201cInfo\u201d und \u201cGer\u00e4t neu starten\u201d.<\/span><\/p>\n<\/div><\/div><div class=\"wpb_wrapper wpb_text_column td_block_wrap td_block_wrap vc_column_text tdi_34  tagdiv-type td-pb-border-top td_block_template_1\"  data-td-block-uid=\"tdi_34\" ><div class=\"td-fix-index\"><p><span style=\"font-weight: 400;\">Schlie\u00dfe f\u00fcr einen erzwungenen Neustart Deinen Tracker per Ladekabel an einen USB-Anschluss Deines Computers oder an ein USB-Ladeger\u00e4t an. Ist alles korrekt eingerastet, vibriert der Tracker kurz und auf dem Display erscheint ein Akkusymbol.<\/span><\/p>\n<\/div><\/div><div class=\"wpb_wrapper wpb_text_column td_block_wrap td_block_wrap vc_column_text tdi_35  tagdiv-type td-pb-border-top td_block_template_1\"  data-td-block-uid=\"tdi_35\" ><div class=\"td-fix-index\"><p><span style=\"font-weight: 400;\">Dr\u00fccke und halte nun die Taste des Trackers, die sich seitlich in der Aussparung vom Ladekabel befindet. Das dauert bei einer Fitbit Charge 2 vier Sekunden. Halte den Knopf aber so lang gedr\u00fcckt, bis Dir das Fitbit-Logo angezeigt wird und das Ger\u00e4t vibriert. <\/span><\/p>\n<p>[atkp_product id=&#8217;45224&#8242; template=&#8217;secondwide&#8216;][\/atkp_product]<\/p>\n<p><span style=\"font-weight: 400;\">Bei der Fitbit Charge 3 und 4 musst Du den Knopf acht Sekunden lang gedr\u00fcckt halten. Halte die Taste, bis Dir auf dem Display ein Smiley angezeigt wird und der Tracker vibriert.<\/span><\/p>\n<\/div><\/div><div class=\"wpb_wrapper td_block_single_image td_block_wrap\"><\/div><div class=\"wpb_wrapper wpb_text_column td_block_wrap td_block_wrap vc_column_text tdi_37  tagdiv-type td-pb-border-top td_block_template_1\"  data-td-block-uid=\"tdi_37\" ><div class=\"td-fix-index\"><h3><span style=\"font-weight: 400;\">Fitbit Ace, Alta und Inspire<\/span><\/h3>\n<\/div><\/div><div class=\"wpb_wrapper wpb_text_column td_block_wrap td_block_wrap vc_column_text tdi_38  tagdiv-type td-pb-border-top td_block_template_1\"  data-td-block-uid=\"tdi_38\" ><div class=\"td-fix-index\"><p><span style=\"font-weight: 400;\">Musst Du einen Neustart erzwingen, schlie\u00dft Du die Fitbit Ace, Altra oder Inspire \u00fcber das Ladekabel an ein Ladeger\u00e4t an, sodass Dir auf dem Bildschirm das Akkusymbol angezeigt wird und das Ger\u00e4t kurz vibriert. Nun kannst Du entweder den Knopf an der Seite des Ger\u00e4ts etwa zehn Sekunden gedr\u00fcckt halten, bis Du einen Smiley auf dem Bildschirm siehst. Oder Du tippst auf einen Knopf, der sich am Ende des Ladekabels befindet \u2013 also auf Seite des Ladeger\u00e4ts oder Laptops. Dr\u00fccke ihn dreimal mit kleinem Abstand, danach sollte sich Deine Fitbit neu starten.<\/span><\/p>\n<\/div><\/div><div class=\"wpb_wrapper wpb_text_column td_block_wrap td_block_wrap vc_column_text tdi_39  tagdiv-type td-pb-border-top td_block_template_1\"  data-td-block-uid=\"tdi_39\" ><div class=\"td-fix-index\"><p><span style=\"font-weight: 400;\">Bei bedienbaren Ger\u00e4ten findest Du in den Einstellungen die Option, das Ger\u00e4t neu zu starten. Tippe darauf und Du wirst sehen, dass Du den Bildschirm nun drei Sekunden lang ber\u00fchren musst, damit der Neustart durchgef\u00fchrt wird.<\/span><\/p>\n<\/div><\/div><\/div><\/div><\/div><\/div><\/p>\n","protected":false},"excerpt":{"rendered":"","protected":false},"author":1,"featured_media":43487,"comment_status":"open","ping_status":"closed","sticky":false,"template":"","format":"standard","meta":{"_acf_changed":false,"_monsterinsights_skip_tracking":false,"_monsterinsights_sitenote_active":false,"_monsterinsights_sitenote_note":"","_monsterinsights_sitenote_category":0,"jetpack_post_was_ever_published":false,"_jetpack_newsletter_access":"","_jetpack_dont_email_post_to_subs":false,"_jetpack_newsletter_tier_id":0,"_jetpack_memberships_contains_paywalled_content":false,"iawp_total_views":8421,"_jetpack_memberships_contains_paid_content":false,"footnotes":"","jetpack_publicize_message":"","jetpack_publicize_feature_enabled":true,"jetpack_social_post_already_shared":false,"jetpack_social_options":{"image_generator_settings":{"template":"highway","enabled":false},"version":2}},"categories":[8186,1095],"tags":[],"brand":[],"jetpack_publicize_connections":[],"acf":[],"yoast_head":"<!-- This site is optimized with the Yoast SEO plugin v24.5 - https:\/\/yoast.com\/wordpress\/plugins\/seo\/ -->\n<title>So startest Du Deine Fitbit-Ger\u00e4te neu | tink Blog<\/title>\n<meta name=\"description\" content=\"Fitbit neu starten \u2713 Fitbit Sense \u2713 Fitbit Versa \u2713 Fitbit Ionic \u2713 Fitbit Charge \u2713 Neustart \u2713 Fitbit Tutorial \u2713\" \/>\n<meta name=\"robots\" content=\"index, follow, max-snippet:-1, max-image-preview:large, max-video-preview:-1\" \/>\n<link rel=\"canonical\" href=\"https:\/\/www.tink.de\/blog\/so-startest-du-deine-fitbit-geraete-neu\/\" \/>\n<meta property=\"og:locale\" content=\"de_DE\" \/>\n<meta property=\"og:type\" content=\"article\" \/>\n<meta property=\"og:title\" content=\"So startest Du Deine Fitbit-Ger\u00e4te neu | tink Blog\" \/>\n<meta property=\"og:description\" content=\"Fitbit neu starten \u2713 Fitbit Sense \u2713 Fitbit Versa \u2713 Fitbit Ionic \u2713 Fitbit Charge \u2713 Neustart \u2713 Fitbit Tutorial \u2713\" \/>\n<meta property=\"og:url\" content=\"https:\/\/www.tink.de\/blog\/so-startest-du-deine-fitbit-geraete-neu\/\" \/>\n<meta property=\"og:site_name\" content=\"tink Blog\" \/>\n<meta property=\"article:publisher\" content=\"https:\/\/www.facebook.com\/tinkh0me\" \/>\n<meta property=\"article:published_time\" content=\"2023-02-08T12:00:48+00:00\" \/>\n<meta property=\"article:modified_time\" content=\"2026-02-11T15:59:19+00:00\" \/>\n<meta property=\"og:image\" content=\"https:\/\/www.tink.de\/blog\/wp-content\/uploads\/2024\/02\/80140320.jpg\" \/>\n\t<meta property=\"og:image:width\" content=\"800\" \/>\n\t<meta property=\"og:image:height\" content=\"600\" \/>\n\t<meta property=\"og:image:type\" content=\"image\/jpeg\" \/>\n<meta name=\"author\" content=\"tink\" \/>\n<meta name=\"twitter:card\" content=\"summary_large_image\" \/>\n<meta name=\"twitter:label1\" content=\"Verfasst von\" \/>\n\t<meta name=\"twitter:data1\" content=\"tink\" \/>\n\t<meta name=\"twitter:label2\" content=\"Gesch\u00e4tzte Lesezeit\" \/>\n\t<meta name=\"twitter:data2\" content=\"5\u00a0Minuten\" \/>\n<script type=\"application\/ld+json\" class=\"yoast-schema-graph\">{\"@context\":\"https:\/\/schema.org\",\"@graph\":[{\"@type\":\"Article\",\"@id\":\"https:\/\/www.tink.de\/blog\/so-startest-du-deine-fitbit-geraete-neu\/#article\",\"isPartOf\":{\"@id\":\"https:\/\/www.tink.de\/blog\/so-startest-du-deine-fitbit-geraete-neu\/\"},\"author\":{\"name\":\"tink\",\"@id\":\"https:\/\/www.tink.de\/blog\/#\/schema\/person\/88075dc90b44377a42600e23f9b47120\"},\"headline\":\"So startest Du Deine Fitbit-Ger\u00e4te neu\",\"datePublished\":\"2023-02-08T12:00:48+00:00\",\"dateModified\":\"2026-02-11T15:59:19+00:00\",\"mainEntityOfPage\":{\"@id\":\"https:\/\/www.tink.de\/blog\/so-startest-du-deine-fitbit-geraete-neu\/\"},\"wordCount\":1166,\"commentCount\":0,\"publisher\":{\"@id\":\"https:\/\/www.tink.de\/blog\/#organization\"},\"image\":{\"@id\":\"https:\/\/www.tink.de\/blog\/so-startest-du-deine-fitbit-geraete-neu\/#primaryimage\"},\"thumbnailUrl\":\"https:\/\/i0.wp.com\/www.tink.de\/blog\/wp-content\/uploads\/2024\/02\/80140320.jpg?fit=800%2C600&ssl=1\",\"articleSection\":[\"Smarte Gesundheit\",\"Tutorials\"],\"inLanguage\":\"de\",\"potentialAction\":[{\"@type\":\"CommentAction\",\"name\":\"Comment\",\"target\":[\"https:\/\/www.tink.de\/blog\/so-startest-du-deine-fitbit-geraete-neu\/#respond\"]}]},{\"@type\":\"WebPage\",\"@id\":\"https:\/\/www.tink.de\/blog\/so-startest-du-deine-fitbit-geraete-neu\/\",\"url\":\"https:\/\/www.tink.de\/blog\/so-startest-du-deine-fitbit-geraete-neu\/\",\"name\":\"So startest Du Deine Fitbit-Ger\u00e4te neu | tink Blog\",\"isPartOf\":{\"@id\":\"https:\/\/www.tink.de\/blog\/#website\"},\"primaryImageOfPage\":{\"@id\":\"https:\/\/www.tink.de\/blog\/so-startest-du-deine-fitbit-geraete-neu\/#primaryimage\"},\"image\":{\"@id\":\"https:\/\/www.tink.de\/blog\/so-startest-du-deine-fitbit-geraete-neu\/#primaryimage\"},\"thumbnailUrl\":\"https:\/\/i0.wp.com\/www.tink.de\/blog\/wp-content\/uploads\/2024\/02\/80140320.jpg?fit=800%2C600&ssl=1\",\"datePublished\":\"2023-02-08T12:00:48+00:00\",\"dateModified\":\"2026-02-11T15:59:19+00:00\",\"description\":\"Fitbit neu starten \u2713 Fitbit Sense \u2713 Fitbit Versa \u2713 Fitbit Ionic \u2713 Fitbit Charge \u2713 Neustart \u2713 Fitbit Tutorial \u2713\",\"breadcrumb\":{\"@id\":\"https:\/\/www.tink.de\/blog\/so-startest-du-deine-fitbit-geraete-neu\/#breadcrumb\"},\"inLanguage\":\"de\",\"potentialAction\":[{\"@type\":\"ReadAction\",\"target\":[\"https:\/\/www.tink.de\/blog\/so-startest-du-deine-fitbit-geraete-neu\/\"]}]},{\"@type\":\"ImageObject\",\"inLanguage\":\"de\",\"@id\":\"https:\/\/www.tink.de\/blog\/so-startest-du-deine-fitbit-geraete-neu\/#primaryimage\",\"url\":\"https:\/\/i0.wp.com\/www.tink.de\/blog\/wp-content\/uploads\/2024\/02\/80140320.jpg?fit=800%2C600&ssl=1\",\"contentUrl\":\"https:\/\/i0.wp.com\/www.tink.de\/blog\/wp-content\/uploads\/2024\/02\/80140320.jpg?fit=800%2C600&ssl=1\",\"width\":800,\"height\":600},{\"@type\":\"BreadcrumbList\",\"@id\":\"https:\/\/www.tink.de\/blog\/so-startest-du-deine-fitbit-geraete-neu\/#breadcrumb\",\"itemListElement\":[{\"@type\":\"ListItem\",\"position\":1,\"name\":\"Home\",\"item\":\"https:\/\/www.tink.de\/blog\/\"},{\"@type\":\"ListItem\",\"position\":2,\"name\":\"So startest Du Deine Fitbit-Ger\u00e4te neu\"}]},{\"@type\":\"WebSite\",\"@id\":\"https:\/\/www.tink.de\/blog\/#website\",\"url\":\"https:\/\/www.tink.de\/blog\/\",\"name\":\"tink Blog\",\"description\":\"tink Smart Home Blog\",\"publisher\":{\"@id\":\"https:\/\/www.tink.de\/blog\/#organization\"},\"potentialAction\":[{\"@type\":\"SearchAction\",\"target\":{\"@type\":\"EntryPoint\",\"urlTemplate\":\"https:\/\/www.tink.de\/blog\/?s={search_term_string}\"},\"query-input\":{\"@type\":\"PropertyValueSpecification\",\"valueRequired\":true,\"valueName\":\"search_term_string\"}}],\"inLanguage\":\"de\"},{\"@type\":\"Organization\",\"@id\":\"https:\/\/www.tink.de\/blog\/#organization\",\"name\":\"tink GmbH\",\"alternateName\":\"tink\",\"url\":\"https:\/\/www.tink.de\/blog\/\",\"logo\":{\"@type\":\"ImageObject\",\"inLanguage\":\"de\",\"@id\":\"https:\/\/www.tink.de\/blog\/#\/schema\/logo\/image\/\",\"url\":\"https:\/\/i0.wp.com\/www.tink.de\/blog\/wp-content\/uploads\/2025\/08\/Group-4157.png?fit=264%2C265&ssl=1\",\"contentUrl\":\"https:\/\/i0.wp.com\/www.tink.de\/blog\/wp-content\/uploads\/2025\/08\/Group-4157.png?fit=264%2C265&ssl=1\",\"width\":264,\"height\":265,\"caption\":\"tink GmbH\"},\"image\":{\"@id\":\"https:\/\/www.tink.de\/blog\/#\/schema\/logo\/image\/\"},\"sameAs\":[\"https:\/\/www.facebook.com\/tinkh0me\",\"https:\/\/www.instagram.com\/tink\",\"https:\/\/de.linkedin.com\/company\/tink-gmbh\",\"https:\/\/www.youtube.com\/channel\/UCBhIvY0GdaK8Wc-5WWv8Kjw\"]},{\"@type\":\"Person\",\"@id\":\"https:\/\/www.tink.de\/blog\/#\/schema\/person\/88075dc90b44377a42600e23f9b47120\",\"name\":\"tink\",\"image\":{\"@type\":\"ImageObject\",\"inLanguage\":\"de\",\"@id\":\"https:\/\/www.tink.de\/blog\/#\/schema\/person\/image\/\",\"url\":\"https:\/\/secure.gravatar.com\/avatar\/20f2886dce53e05a67d57ce0ebf3b21f?s=96&d=mm&r=g\",\"contentUrl\":\"https:\/\/secure.gravatar.com\/avatar\/20f2886dce53e05a67d57ce0ebf3b21f?s=96&d=mm&r=g\",\"caption\":\"tink\"},\"url\":\"https:\/\/www.tink.de\/blog\/author\/tink\/\"}]}<\/script>\n<!-- \/ Yoast SEO plugin. -->","yoast_head_json":{"title":"So startest Du Deine Fitbit-Ger\u00e4te neu | tink Blog","description":"Fitbit neu starten \u2713 Fitbit Sense \u2713 Fitbit Versa \u2713 Fitbit Ionic \u2713 Fitbit Charge \u2713 Neustart \u2713 Fitbit Tutorial \u2713","robots":{"index":"index","follow":"follow","max-snippet":"max-snippet:-1","max-image-preview":"max-image-preview:large","max-video-preview":"max-video-preview:-1"},"canonical":"https:\/\/www.tink.de\/blog\/so-startest-du-deine-fitbit-geraete-neu\/","og_locale":"de_DE","og_type":"article","og_title":"So startest Du Deine Fitbit-Ger\u00e4te neu | tink Blog","og_description":"Fitbit neu starten \u2713 Fitbit Sense \u2713 Fitbit Versa \u2713 Fitbit Ionic \u2713 Fitbit Charge \u2713 Neustart \u2713 Fitbit Tutorial \u2713","og_url":"https:\/\/www.tink.de\/blog\/so-startest-du-deine-fitbit-geraete-neu\/","og_site_name":"tink Blog","article_publisher":"https:\/\/www.facebook.com\/tinkh0me","article_published_time":"2023-02-08T12:00:48+00:00","article_modified_time":"2026-02-11T15:59:19+00:00","og_image":[{"width":800,"height":600,"url":"https:\/\/www.tink.de\/blog\/wp-content\/uploads\/2024\/02\/80140320.jpg","type":"image\/jpeg"}],"author":"tink","twitter_card":"summary_large_image","twitter_misc":{"Verfasst von":"tink","Gesch\u00e4tzte Lesezeit":"5\u00a0Minuten"},"schema":{"@context":"https:\/\/schema.org","@graph":[{"@type":"Article","@id":"https:\/\/www.tink.de\/blog\/so-startest-du-deine-fitbit-geraete-neu\/#article","isPartOf":{"@id":"https:\/\/www.tink.de\/blog\/so-startest-du-deine-fitbit-geraete-neu\/"},"author":{"name":"tink","@id":"https:\/\/www.tink.de\/blog\/#\/schema\/person\/88075dc90b44377a42600e23f9b47120"},"headline":"So startest Du Deine Fitbit-Ger\u00e4te neu","datePublished":"2023-02-08T12:00:48+00:00","dateModified":"2026-02-11T15:59:19+00:00","mainEntityOfPage":{"@id":"https:\/\/www.tink.de\/blog\/so-startest-du-deine-fitbit-geraete-neu\/"},"wordCount":1166,"commentCount":0,"publisher":{"@id":"https:\/\/www.tink.de\/blog\/#organization"},"image":{"@id":"https:\/\/www.tink.de\/blog\/so-startest-du-deine-fitbit-geraete-neu\/#primaryimage"},"thumbnailUrl":"https:\/\/i0.wp.com\/www.tink.de\/blog\/wp-content\/uploads\/2024\/02\/80140320.jpg?fit=800%2C600&ssl=1","articleSection":["Smarte Gesundheit","Tutorials"],"inLanguage":"de","potentialAction":[{"@type":"CommentAction","name":"Comment","target":["https:\/\/www.tink.de\/blog\/so-startest-du-deine-fitbit-geraete-neu\/#respond"]}]},{"@type":"WebPage","@id":"https:\/\/www.tink.de\/blog\/so-startest-du-deine-fitbit-geraete-neu\/","url":"https:\/\/www.tink.de\/blog\/so-startest-du-deine-fitbit-geraete-neu\/","name":"So startest Du Deine Fitbit-Ger\u00e4te neu | tink Blog","isPartOf":{"@id":"https:\/\/www.tink.de\/blog\/#website"},"primaryImageOfPage":{"@id":"https:\/\/www.tink.de\/blog\/so-startest-du-deine-fitbit-geraete-neu\/#primaryimage"},"image":{"@id":"https:\/\/www.tink.de\/blog\/so-startest-du-deine-fitbit-geraete-neu\/#primaryimage"},"thumbnailUrl":"https:\/\/i0.wp.com\/www.tink.de\/blog\/wp-content\/uploads\/2024\/02\/80140320.jpg?fit=800%2C600&ssl=1","datePublished":"2023-02-08T12:00:48+00:00","dateModified":"2026-02-11T15:59:19+00:00","description":"Fitbit neu starten \u2713 Fitbit Sense \u2713 Fitbit Versa \u2713 Fitbit Ionic \u2713 Fitbit Charge \u2713 Neustart \u2713 Fitbit Tutorial \u2713","breadcrumb":{"@id":"https:\/\/www.tink.de\/blog\/so-startest-du-deine-fitbit-geraete-neu\/#breadcrumb"},"inLanguage":"de","potentialAction":[{"@type":"ReadAction","target":["https:\/\/www.tink.de\/blog\/so-startest-du-deine-fitbit-geraete-neu\/"]}]},{"@type":"ImageObject","inLanguage":"de","@id":"https:\/\/www.tink.de\/blog\/so-startest-du-deine-fitbit-geraete-neu\/#primaryimage","url":"https:\/\/i0.wp.com\/www.tink.de\/blog\/wp-content\/uploads\/2024\/02\/80140320.jpg?fit=800%2C600&ssl=1","contentUrl":"https:\/\/i0.wp.com\/www.tink.de\/blog\/wp-content\/uploads\/2024\/02\/80140320.jpg?fit=800%2C600&ssl=1","width":800,"height":600},{"@type":"BreadcrumbList","@id":"https:\/\/www.tink.de\/blog\/so-startest-du-deine-fitbit-geraete-neu\/#breadcrumb","itemListElement":[{"@type":"ListItem","position":1,"name":"Home","item":"https:\/\/www.tink.de\/blog\/"},{"@type":"ListItem","position":2,"name":"So startest Du Deine Fitbit-Ger\u00e4te neu"}]},{"@type":"WebSite","@id":"https:\/\/www.tink.de\/blog\/#website","url":"https:\/\/www.tink.de\/blog\/","name":"tink Blog","description":"tink Smart Home Blog","publisher":{"@id":"https:\/\/www.tink.de\/blog\/#organization"},"potentialAction":[{"@type":"SearchAction","target":{"@type":"EntryPoint","urlTemplate":"https:\/\/www.tink.de\/blog\/?s={search_term_string}"},"query-input":{"@type":"PropertyValueSpecification","valueRequired":true,"valueName":"search_term_string"}}],"inLanguage":"de"},{"@type":"Organization","@id":"https:\/\/www.tink.de\/blog\/#organization","name":"tink GmbH","alternateName":"tink","url":"https:\/\/www.tink.de\/blog\/","logo":{"@type":"ImageObject","inLanguage":"de","@id":"https:\/\/www.tink.de\/blog\/#\/schema\/logo\/image\/","url":"https:\/\/i0.wp.com\/www.tink.de\/blog\/wp-content\/uploads\/2025\/08\/Group-4157.png?fit=264%2C265&ssl=1","contentUrl":"https:\/\/i0.wp.com\/www.tink.de\/blog\/wp-content\/uploads\/2025\/08\/Group-4157.png?fit=264%2C265&ssl=1","width":264,"height":265,"caption":"tink GmbH"},"image":{"@id":"https:\/\/www.tink.de\/blog\/#\/schema\/logo\/image\/"},"sameAs":["https:\/\/www.facebook.com\/tinkh0me","https:\/\/www.instagram.com\/tink","https:\/\/de.linkedin.com\/company\/tink-gmbh","https:\/\/www.youtube.com\/channel\/UCBhIvY0GdaK8Wc-5WWv8Kjw"]},{"@type":"Person","@id":"https:\/\/www.tink.de\/blog\/#\/schema\/person\/88075dc90b44377a42600e23f9b47120","name":"tink","image":{"@type":"ImageObject","inLanguage":"de","@id":"https:\/\/www.tink.de\/blog\/#\/schema\/person\/image\/","url":"https:\/\/secure.gravatar.com\/avatar\/20f2886dce53e05a67d57ce0ebf3b21f?s=96&d=mm&r=g","contentUrl":"https:\/\/secure.gravatar.com\/avatar\/20f2886dce53e05a67d57ce0ebf3b21f?s=96&d=mm&r=g","caption":"tink"},"url":"https:\/\/www.tink.de\/blog\/author\/tink\/"}]}},"jetpack_featured_media_url":"https:\/\/i0.wp.com\/www.tink.de\/blog\/wp-content\/uploads\/2024\/02\/80140320.jpg?fit=800%2C600&ssl=1","jetpack_sharing_enabled":true,"_links":{"self":[{"href":"https:\/\/www.tink.de\/blog\/wp-json\/wp\/v2\/posts\/43486"}],"collection":[{"href":"https:\/\/www.tink.de\/blog\/wp-json\/wp\/v2\/posts"}],"about":[{"href":"https:\/\/www.tink.de\/blog\/wp-json\/wp\/v2\/types\/post"}],"author":[{"embeddable":true,"href":"https:\/\/www.tink.de\/blog\/wp-json\/wp\/v2\/users\/1"}],"replies":[{"embeddable":true,"href":"https:\/\/www.tink.de\/blog\/wp-json\/wp\/v2\/comments?post=43486"}],"version-history":[{"count":3,"href":"https:\/\/www.tink.de\/blog\/wp-json\/wp\/v2\/posts\/43486\/revisions"}],"predecessor-version":[{"id":49622,"href":"https:\/\/www.tink.de\/blog\/wp-json\/wp\/v2\/posts\/43486\/revisions\/49622"}],"wp:featuredmedia":[{"embeddable":true,"href":"https:\/\/www.tink.de\/blog\/wp-json\/wp\/v2\/media\/43487"}],"wp:attachment":[{"href":"https:\/\/www.tink.de\/blog\/wp-json\/wp\/v2\/media?parent=43486"}],"wp:term":[{"taxonomy":"category","embeddable":true,"href":"https:\/\/www.tink.de\/blog\/wp-json\/wp\/v2\/categories?post=43486"},{"taxonomy":"post_tag","embeddable":true,"href":"https:\/\/www.tink.de\/blog\/wp-json\/wp\/v2\/tags?post=43486"},{"taxonomy":"brand","embeddable":true,"href":"https:\/\/www.tink.de\/blog\/wp-json\/wp\/v2\/brand?post=43486"}],"curies":[{"name":"wp","href":"https:\/\/api.w.org\/{rel}","templated":true}]}}