{"id":42457,"date":"2020-10-14T09:30:12","date_gmt":"2020-10-14T07:30:12","guid":{"rendered":"http:\/\/sftp-tink.com\/homepod-mini-kompakter-siri-smart-speaker-mit-intercom\/"},"modified":"2025-09-18T16:38:10","modified_gmt":"2025-09-18T14:38:10","slug":"homepod-mini-kompakter-siri-smart-speaker-mit-intercom","status":"publish","type":"post","link":"https:\/\/www.tink.de\/blog\/homepod-mini-kompakter-siri-smart-speaker-mit-intercom\/","title":{"rendered":"HomePod mini &#8211; Apple pr\u00e4sentiert kompakten Siri Smart Speaker"},"content":{"rendered":"<p><div id=\"tdi_1\" class=\"tdc-row\"><div class=\"vc_row tdi_2  wpb_row td-pb-row\" >\n<style scoped>\n\/* custom css - generated by TagDiv Composer *\/\n\n\/* custom css - generated by TagDiv Composer *\/\n.tdi_2,\r\n                .tdi_2 .tdc-columns{\r\n                    min-height: 0;\r\n                }.tdi_2,\r\n\t\t\t\t.tdi_2 .tdc-columns{\r\n\t\t\t\t    display: block;\r\n\t\t\t\t}.tdi_2 .tdc-columns{\r\n\t\t\t\t    width: 100%;\r\n\t\t\t\t}.tdi_2:before,\r\n\t\t\t\t.tdi_2:after{\r\n\t\t\t\t    display: table;\r\n\t\t\t\t}\n<\/style><div class=\"vc_column tdi_4  wpb_column vc_column_container tdc-column td-pb-span12\">\n<style scoped>\n\/* custom css - generated by TagDiv Composer *\/\n\n\/* custom css - generated by TagDiv Composer *\/\n.tdi_4{\r\n                    vertical-align: baseline;\r\n                }.tdi_4 > .wpb_wrapper,\r\n\t\t\t\t.tdi_4 > .wpb_wrapper > .tdc-elements{\r\n\t\t\t\t    display: block;\r\n\t\t\t\t}.tdi_4 > .wpb_wrapper > .tdc-elements{\r\n\t\t\t\t    width: 100%;\r\n\t\t\t\t}.tdi_4 > .wpb_wrapper > .vc_row_inner{\r\n\t\t\t\t    width: auto;\r\n\t\t\t\t}.tdi_4 > .wpb_wrapper{\r\n\t\t\t\t    width: auto;\r\n\t\t\t\t    height: auto;\r\n\t\t\t\t}\n<\/style><div class=\"wpb_wrapper\" ><div class=\"wpb_wrapper wpb_text_column td_block_wrap td_block_wrap vc_column_text tdi_5  tagdiv-type td-pb-border-top td_block_template_1\"  data-td-block-uid=\"tdi_5\" >\n<style>\n\/* custom css - generated by TagDiv Composer *\/\n.vc_column_text > .td-element-style{\r\n\t\t\t\t\tz-index: -1;\r\n\t\t\t\t}\n<\/style><div class=\"td-fix-index\"><p>Auch dieses Mal wurde die Keynote vom 13. Oktober ohne Publikum, daf\u00fcr aber im Live-Stream vollzogen. Kompakt, auf den Punkt und mit jede Menge Produktneuheiten. Kurzum: Das iPhone 12 wird es in gleich vier Varianten geben, der <a href=\"https:\/\/www.tink.de\/apple-homepod-smarter-lautsprecher\" target=\"_blank\" rel=\"noopener noreferrer\">HomePod<\/a> bekommt den ersehnten Zuwachs und auch Apples Smart Home wird mit neuen Funktionen ausgestattet. In diesem Beitrag widmen wir uns allerdings dem neuen Siri Speaker: Hallo HomePod mini.<\/p>\n<\/div><\/div><\/div><\/div><\/div><\/div><div id=\"tdi_6\" class=\"tdc-row\"><div class=\"vc_row tdi_7  wpb_row td-pb-row\" >\n<style scoped>\n\/* custom css - generated by TagDiv Composer *\/\n\n\/* custom css - generated by TagDiv Composer *\/\n.tdi_7,\r\n                .tdi_7 .tdc-columns{\r\n                    min-height: 0;\r\n                }.tdi_7,\r\n\t\t\t\t.tdi_7 .tdc-columns{\r\n\t\t\t\t    display: block;\r\n\t\t\t\t}.tdi_7 .tdc-columns{\r\n\t\t\t\t    width: 100%;\r\n\t\t\t\t}.tdi_7:before,\r\n\t\t\t\t.tdi_7:after{\r\n\t\t\t\t    display: table;\r\n\t\t\t\t}\n<\/style><div class=\"vc_column tdi_9  wpb_column vc_column_container tdc-column td-pb-span12\">\n<style scoped>\n\/* custom css - generated by TagDiv Composer *\/\n\n\/* custom css - generated by TagDiv Composer *\/\n.tdi_9{\r\n                    vertical-align: baseline;\r\n                }.tdi_9 > .wpb_wrapper,\r\n\t\t\t\t.tdi_9 > .wpb_wrapper > .tdc-elements{\r\n\t\t\t\t    display: block;\r\n\t\t\t\t}.tdi_9 > .wpb_wrapper > .tdc-elements{\r\n\t\t\t\t    width: 100%;\r\n\t\t\t\t}.tdi_9 > .wpb_wrapper > .vc_row_inner{\r\n\t\t\t\t    width: auto;\r\n\t\t\t\t}.tdi_9 > .wpb_wrapper{\r\n\t\t\t\t    width: auto;\r\n\t\t\t\t    height: auto;\r\n\t\t\t\t}\n<\/style><div class=\"wpb_wrapper\" ><div class=\"wpb_wrapper wpb_text_column td_block_wrap td_block_wrap vc_column_text tdi_10  tagdiv-type td-pb-border-top td_block_template_1\"  data-td-block-uid=\"tdi_10\" ><div class=\"td-fix-index\"><h2>Apple Siri Smart Speaker: der neue HomePod Mini<\/h2>\n<\/div><\/div><div class=\"wpb_wrapper wpb_text_column td_block_wrap td_block_wrap vc_column_text tdi_11  tagdiv-type td-pb-border-top td_block_template_1\"  data-td-block-uid=\"tdi_11\" ><div class=\"td-fix-index\"><p>Der HomePod Mini ist ein ca. 8 Zentimeter hoher und ca. 9 Zentimeter breiter <a href=\"https:\/\/www.tink.de\/entertainment\/smarte-lautsprecher\/sprachassistenten\" target=\"_blank\" rel=\"noopener noreferrer\">Smart Speaker<\/a>, ausgestattet mit zwei passiven Tieft\u00f6nern sowie mit einem Treiber f\u00fcr die volle Bandbreite. Wie der HomePod, ist auch der HomePod Mini rund und umschlossen von einem feinen Netzgewebe, welches oben viel Platz f\u00fcr die Touch-Oberfl\u00e4che samt Hintergrundbeleuchtung l\u00e4sst. \u00dcbrigens: 100 Prozent der hier verwendeten Frischfasern bestehen aus verantwortungsvoll bewirtschafteten Forstfl\u00e4chen, hei\u00dft es.<\/p>\n<\/div><\/div><div class=\"wpb_wrapper td_block_single_image td_block_wrap\"><\/div><div class=\"wpb_wrapper wpb_text_column td_block_wrap td_block_wrap vc_column_text tdi_13  tagdiv-type td-pb-border-top td_block_template_1\"  data-td-block-uid=\"tdi_13\" ><div class=\"td-fix-index\"><p>Rundum ist er zudem mit vier Mikrofonen ausgestattet, mit denen Du auch via <a href=\"https:\/\/www.tink.de\/homekit\" target=\"_blank\" rel=\"noopener noreferrer\">Apple Siri<\/a> mit ihm kommunizieren kannst. Dar\u00fcber hinaus pairen sich zwei HomePod Mini in einem Raum sich automatisch zu einem Stereo-Paar samt linkem und rechten Audiokanal, hei\u00dft es. Dar\u00fcber hinaus l\u00e4sst er sich auch im <a href=\"https:\/\/www.tink.de\/entertainment\/entertainmentpakete\/multiroom-sets\" target=\"_blank\" rel=\"noopener noreferrer\">Multiroom-System<\/a> einsetzen.<\/p>\n<\/div><\/div><div class=\"wpb_wrapper td_block_single_image td_block_wrap\"><\/div><div class=\"wpb_wrapper wpb_text_column td_block_wrap td_block_wrap vc_column_text tdi_15  tagdiv-type td-pb-border-top td_block_template_1\"  data-td-block-uid=\"tdi_15\" ><div class=\"td-fix-index\"><p>Angetrieben wird der Lautsprecher derweil von einem S5-Chip. Dieser stelle sicher, so hei\u00dft es, dass das sogenannte <i>computational audio<\/i>, also die klanggenaue Anpassung an das Audiosignal stets den besten 360-Grad-Sound liefere. Ein r\u00e4umliches Bewusstsein wie sein gro\u00dfer Bruder wird er indes nicht haben.<\/p>\n<\/div><\/div><div class=\"wpb_wrapper td_block_single_image td_block_wrap\"><\/div><\/div><\/div><\/div><\/div><div id=\"tdi_17\" class=\"tdc-row\"><div class=\"vc_row tdi_18  wpb_row td-pb-row\" >\n<style scoped>\n\/* custom css - generated by TagDiv Composer *\/\n\n\/* custom css - generated by TagDiv Composer *\/\n.tdi_18,\r\n                .tdi_18 .tdc-columns{\r\n                    min-height: 0;\r\n                }.tdi_18,\r\n\t\t\t\t.tdi_18 .tdc-columns{\r\n\t\t\t\t    display: block;\r\n\t\t\t\t}.tdi_18 .tdc-columns{\r\n\t\t\t\t    width: 100%;\r\n\t\t\t\t}.tdi_18:before,\r\n\t\t\t\t.tdi_18:after{\r\n\t\t\t\t    display: table;\r\n\t\t\t\t}\n<\/style><div class=\"vc_column tdi_20  wpb_column vc_column_container tdc-column td-pb-span12\">\n<style scoped>\n\/* custom css - generated by TagDiv Composer *\/\n\n\/* custom css - generated by TagDiv Composer *\/\n.tdi_20{\r\n                    vertical-align: baseline;\r\n                }.tdi_20 > .wpb_wrapper,\r\n\t\t\t\t.tdi_20 > .wpb_wrapper > .tdc-elements{\r\n\t\t\t\t    display: block;\r\n\t\t\t\t}.tdi_20 > .wpb_wrapper > .tdc-elements{\r\n\t\t\t\t    width: 100%;\r\n\t\t\t\t}.tdi_20 > .wpb_wrapper > .vc_row_inner{\r\n\t\t\t\t    width: auto;\r\n\t\t\t\t}.tdi_20 > .wpb_wrapper{\r\n\t\t\t\t    width: auto;\r\n\t\t\t\t    height: auto;\r\n\t\t\t\t}\n<\/style><div class=\"wpb_wrapper\" ><div class=\"wpb_wrapper wpb_text_column td_block_wrap td_block_wrap vc_column_text tdi_21  tagdiv-type td-pb-border-top td_block_template_1\"  data-td-block-uid=\"tdi_21\" ><div class=\"td-fix-index\"><p>Folgende Audioquellen k\u00f6nnen zudem mit dem HomePod mini abgespielt haben:<\/p>\n<ul>\n<li>Apple Music<\/li>\n<li>iTunes Musikeink\u00e4ufe<\/li>\n<li>iCloud Musikmediathek mit einem Apple Music oder iTunes Match Abonnement<\/li>\n<li>Musikservices anderer Anbieter<\/li>\n<li>Apple Music Radio oder Folgen On\u2011Demand<\/li>\n<li>Radiosender von 1Live, SWR3, Antenne Bayern und RTL Berlin Hits Radio<\/li>\n<li>Apple Podcasts<\/li>\n<li>Aktuelle Nach\u00adrichten<\/li>\n<li>\u00dcbertragung anderer Inhalte via AirPlay zum HomePod mini von iPhone, iPad, iPod touch, Apple TV und Mac<\/li>\n<\/ul>\n<\/div><\/div><div class=\"wpb_wrapper td_block_single_image td_block_wrap\"><\/div><\/div><\/div><\/div><\/div><div id=\"tdi_23\" class=\"tdc-row\"><div class=\"vc_row tdi_24  wpb_row td-pb-row\" >\n<style scoped>\n\/* custom css - generated by TagDiv Composer *\/\n\n\/* custom css - generated by TagDiv Composer *\/\n.tdi_24,\r\n                .tdi_24 .tdc-columns{\r\n                    min-height: 0;\r\n                }.tdi_24,\r\n\t\t\t\t.tdi_24 .tdc-columns{\r\n\t\t\t\t    display: block;\r\n\t\t\t\t}.tdi_24 .tdc-columns{\r\n\t\t\t\t    width: 100%;\r\n\t\t\t\t}.tdi_24:before,\r\n\t\t\t\t.tdi_24:after{\r\n\t\t\t\t    display: table;\r\n\t\t\t\t}\n<\/style><div class=\"vc_column tdi_26  wpb_column vc_column_container tdc-column td-pb-span12\">\n<style scoped>\n\/* custom css - generated by TagDiv Composer *\/\n\n\/* custom css - generated by TagDiv Composer *\/\n.tdi_26{\r\n                    vertical-align: baseline;\r\n                }.tdi_26 > .wpb_wrapper,\r\n\t\t\t\t.tdi_26 > .wpb_wrapper > .tdc-elements{\r\n\t\t\t\t    display: block;\r\n\t\t\t\t}.tdi_26 > .wpb_wrapper > .tdc-elements{\r\n\t\t\t\t    width: 100%;\r\n\t\t\t\t}.tdi_26 > .wpb_wrapper > .vc_row_inner{\r\n\t\t\t\t    width: auto;\r\n\t\t\t\t}.tdi_26 > .wpb_wrapper{\r\n\t\t\t\t    width: auto;\r\n\t\t\t\t    height: auto;\r\n\t\t\t\t}\n<\/style><div class=\"wpb_wrapper\" ><div class=\"wpb_wrapper wpb_text_column td_block_wrap td_block_wrap vc_column_text tdi_27  tagdiv-type td-pb-border-top td_block_template_1\"  data-td-block-uid=\"tdi_27\" ><div class=\"td-fix-index\"><h3>Apple HomePod mini vs Apple HomePod<\/h3>\n<\/div><\/div><div class=\"wpb_wrapper td_block_single_image td_block_wrap\"><\/div><div class=\"wpb_wrapper td_block_single_image td_block_wrap\"><\/div><\/div><\/div><\/div><\/div><div id=\"tdi_30\" class=\"tdc-row\"><div class=\"vc_row tdi_31  wpb_row td-pb-row\" >\n<style scoped>\n\/* custom css - generated by TagDiv Composer *\/\n\n\/* custom css - generated by TagDiv Composer *\/\n.tdi_31,\r\n                .tdi_31 .tdc-columns{\r\n                    min-height: 0;\r\n                }.tdi_31,\r\n\t\t\t\t.tdi_31 .tdc-columns{\r\n\t\t\t\t    display: block;\r\n\t\t\t\t}.tdi_31 .tdc-columns{\r\n\t\t\t\t    width: 100%;\r\n\t\t\t\t}.tdi_31:before,\r\n\t\t\t\t.tdi_31:after{\r\n\t\t\t\t    display: table;\r\n\t\t\t\t}\n<\/style><div class=\"vc_column tdi_33  wpb_column vc_column_container tdc-column td-pb-span12\">\n<style scoped>\n\/* custom css - generated by TagDiv Composer *\/\n\n\/* custom css - generated by TagDiv Composer *\/\n.tdi_33{\r\n                    vertical-align: baseline;\r\n                }.tdi_33 > .wpb_wrapper,\r\n\t\t\t\t.tdi_33 > .wpb_wrapper > .tdc-elements{\r\n\t\t\t\t    display: block;\r\n\t\t\t\t}.tdi_33 > .wpb_wrapper > .tdc-elements{\r\n\t\t\t\t    width: 100%;\r\n\t\t\t\t}.tdi_33 > .wpb_wrapper > .vc_row_inner{\r\n\t\t\t\t    width: auto;\r\n\t\t\t\t}.tdi_33 > .wpb_wrapper{\r\n\t\t\t\t    width: auto;\r\n\t\t\t\t    height: auto;\r\n\t\t\t\t}\n<\/style><div class=\"wpb_wrapper\" ><div class=\"wpb_wrapper wpb_text_column td_block_wrap td_block_wrap vc_column_text tdi_34  tagdiv-type td-pb-border-top td_block_template_1\"  data-td-block-uid=\"tdi_34\" ><div class=\"td-fix-index\"><h3>Apple HomePod mini: Verf\u00fcgbarkeit und Preis<\/h3>\n<\/div><\/div><div class=\"wpb_wrapper wpb_text_column td_block_wrap td_block_wrap vc_column_text tdi_35  tagdiv-type td-pb-border-top td_block_template_1\"  data-td-block-uid=\"tdi_35\" ><div class=\"td-fix-index\"><p>Der Apple HomePod mini wird in den Farben space grau und wei\u00df erh\u00e4ltlich sein. Du kannst den HomePod mini bereits ab dem 6. November vorbestellen, ab dem 16. November wird er dann auch regul\u00e4r erh\u00e4ltlich sein. Derzeitiger Kostenpunkt: 96,50 Euro. Auch bei uns wirst Du den kleinen Siri Speaker bald schon kaufen k\u00f6nnen. Wir halten Dich nat\u00fcrlich auf dem Laufenden.<\/p>\n<\/div><\/div><div class=\"wpb_wrapper td_block_single_image td_block_wrap\"><\/div><\/div><\/div><\/div><\/div><\/p>\n","protected":false},"excerpt":{"rendered":"","protected":false},"author":1,"featured_media":42458,"comment_status":"open","ping_status":"closed","sticky":false,"template":"","format":"standard","meta":{"_acf_changed":false,"_monsterinsights_skip_tracking":false,"_monsterinsights_sitenote_active":false,"_monsterinsights_sitenote_note":"","_monsterinsights_sitenote_category":0,"jetpack_post_was_ever_published":false,"_jetpack_newsletter_access":"","_jetpack_dont_email_post_to_subs":false,"_jetpack_newsletter_tier_id":0,"_jetpack_memberships_contains_paywalled_content":false,"iawp_total_views":37,"_jetpack_memberships_contains_paid_content":false,"footnotes":"","jetpack_publicize_message":"","jetpack_publicize_feature_enabled":true,"jetpack_social_post_already_shared":false,"jetpack_social_options":{"image_generator_settings":{"template":"highway","enabled":false},"version":2}},"categories":[8092,1181],"tags":[],"brand":[7986],"jetpack_publicize_connections":[],"acf":[],"yoast_head":"<!-- This site is optimized with the Yoast SEO plugin v24.5 - https:\/\/yoast.com\/wordpress\/plugins\/seo\/ -->\n<title>HomePod mini - Apple pr\u00e4sentiert kompakten Siri Smart Speaker | tink<\/title>\n<meta name=\"description\" content=\"HomePod Mini: \u2714 Airplay 2 Lautsprecher \u2714 Siri Smart Speaker \u2714 HomeKit Lautsprecher \u2714 Computational audio \u2714 Erh\u00e4ltlich ab November 2020\" \/>\n<meta name=\"robots\" content=\"index, follow, max-snippet:-1, max-image-preview:large, max-video-preview:-1\" \/>\n<link rel=\"canonical\" href=\"https:\/\/www.tink.de\/blog\/homepod-mini-kompakter-siri-smart-speaker-mit-intercom\/\" \/>\n<meta property=\"og:locale\" content=\"de_DE\" \/>\n<meta property=\"og:type\" content=\"article\" \/>\n<meta property=\"og:title\" content=\"HomePod mini - Apple pr\u00e4sentiert kompakten Siri Smart Speaker | tink\" \/>\n<meta property=\"og:description\" content=\"HomePod Mini: \u2714 Airplay 2 Lautsprecher \u2714 Siri Smart Speaker \u2714 HomeKit Lautsprecher \u2714 Computational audio \u2714 Erh\u00e4ltlich ab November 2020\" \/>\n<meta property=\"og:url\" content=\"https:\/\/www.tink.de\/blog\/homepod-mini-kompakter-siri-smart-speaker-mit-intercom\/\" \/>\n<meta property=\"og:site_name\" content=\"tink Blog\" \/>\n<meta property=\"article:publisher\" content=\"https:\/\/www.facebook.com\/tinkh0me\" \/>\n<meta property=\"article:published_time\" content=\"2020-10-14T07:30:12+00:00\" \/>\n<meta property=\"article:modified_time\" content=\"2025-09-18T14:38:10+00:00\" \/>\n<meta property=\"og:image\" content=\"https:\/\/www.tink.de\/blog\/wp-content\/uploads\/2024\/02\/79853726.jpg\" \/>\n\t<meta property=\"og:image:width\" content=\"800\" \/>\n\t<meta property=\"og:image:height\" content=\"600\" \/>\n\t<meta property=\"og:image:type\" content=\"image\/jpeg\" \/>\n<meta name=\"author\" content=\"tink\" \/>\n<meta name=\"twitter:card\" content=\"summary_large_image\" \/>\n<meta name=\"twitter:label1\" content=\"Verfasst von\" \/>\n\t<meta name=\"twitter:data1\" content=\"tink\" \/>\n\t<meta name=\"twitter:label2\" content=\"Gesch\u00e4tzte Lesezeit\" \/>\n\t<meta name=\"twitter:data2\" content=\"3\u00a0Minuten\" \/>\n<script type=\"application\/ld+json\" class=\"yoast-schema-graph\">{\"@context\":\"https:\/\/schema.org\",\"@graph\":[{\"@type\":\"Article\",\"@id\":\"https:\/\/www.tink.de\/blog\/homepod-mini-kompakter-siri-smart-speaker-mit-intercom\/#article\",\"isPartOf\":{\"@id\":\"https:\/\/www.tink.de\/blog\/homepod-mini-kompakter-siri-smart-speaker-mit-intercom\/\"},\"author\":{\"name\":\"tink\",\"@id\":\"https:\/\/www.tink.de\/blog\/#\/schema\/person\/88075dc90b44377a42600e23f9b47120\"},\"headline\":\"HomePod mini &#8211; Apple pr\u00e4sentiert kompakten Siri Smart Speaker\",\"datePublished\":\"2020-10-14T07:30:12+00:00\",\"dateModified\":\"2025-09-18T14:38:10+00:00\",\"mainEntityOfPage\":{\"@id\":\"https:\/\/www.tink.de\/blog\/homepod-mini-kompakter-siri-smart-speaker-mit-intercom\/\"},\"wordCount\":676,\"commentCount\":0,\"publisher\":{\"@id\":\"https:\/\/www.tink.de\/blog\/#organization\"},\"image\":{\"@id\":\"https:\/\/www.tink.de\/blog\/homepod-mini-kompakter-siri-smart-speaker-mit-intercom\/#primaryimage\"},\"thumbnailUrl\":\"https:\/\/i0.wp.com\/www.tink.de\/blog\/wp-content\/uploads\/2024\/02\/79853726.jpg?fit=800%2C600&ssl=1\",\"articleSection\":[\"Apple Home\",\"Smart Home News\"],\"inLanguage\":\"de\",\"potentialAction\":[{\"@type\":\"CommentAction\",\"name\":\"Comment\",\"target\":[\"https:\/\/www.tink.de\/blog\/homepod-mini-kompakter-siri-smart-speaker-mit-intercom\/#respond\"]}]},{\"@type\":\"WebPage\",\"@id\":\"https:\/\/www.tink.de\/blog\/homepod-mini-kompakter-siri-smart-speaker-mit-intercom\/\",\"url\":\"https:\/\/www.tink.de\/blog\/homepod-mini-kompakter-siri-smart-speaker-mit-intercom\/\",\"name\":\"HomePod mini - Apple pr\u00e4sentiert kompakten Siri Smart Speaker | tink\",\"isPartOf\":{\"@id\":\"https:\/\/www.tink.de\/blog\/#website\"},\"primaryImageOfPage\":{\"@id\":\"https:\/\/www.tink.de\/blog\/homepod-mini-kompakter-siri-smart-speaker-mit-intercom\/#primaryimage\"},\"image\":{\"@id\":\"https:\/\/www.tink.de\/blog\/homepod-mini-kompakter-siri-smart-speaker-mit-intercom\/#primaryimage\"},\"thumbnailUrl\":\"https:\/\/i0.wp.com\/www.tink.de\/blog\/wp-content\/uploads\/2024\/02\/79853726.jpg?fit=800%2C600&ssl=1\",\"datePublished\":\"2020-10-14T07:30:12+00:00\",\"dateModified\":\"2025-09-18T14:38:10+00:00\",\"description\":\"HomePod Mini: \u2714 Airplay 2 Lautsprecher \u2714 Siri Smart Speaker \u2714 HomeKit Lautsprecher \u2714 Computational audio \u2714 Erh\u00e4ltlich ab November 2020\",\"breadcrumb\":{\"@id\":\"https:\/\/www.tink.de\/blog\/homepod-mini-kompakter-siri-smart-speaker-mit-intercom\/#breadcrumb\"},\"inLanguage\":\"de\",\"potentialAction\":[{\"@type\":\"ReadAction\",\"target\":[\"https:\/\/www.tink.de\/blog\/homepod-mini-kompakter-siri-smart-speaker-mit-intercom\/\"]}]},{\"@type\":\"ImageObject\",\"inLanguage\":\"de\",\"@id\":\"https:\/\/www.tink.de\/blog\/homepod-mini-kompakter-siri-smart-speaker-mit-intercom\/#primaryimage\",\"url\":\"https:\/\/i0.wp.com\/www.tink.de\/blog\/wp-content\/uploads\/2024\/02\/79853726.jpg?fit=800%2C600&ssl=1\",\"contentUrl\":\"https:\/\/i0.wp.com\/www.tink.de\/blog\/wp-content\/uploads\/2024\/02\/79853726.jpg?fit=800%2C600&ssl=1\",\"width\":800,\"height\":600},{\"@type\":\"BreadcrumbList\",\"@id\":\"https:\/\/www.tink.de\/blog\/homepod-mini-kompakter-siri-smart-speaker-mit-intercom\/#breadcrumb\",\"itemListElement\":[{\"@type\":\"ListItem\",\"position\":1,\"name\":\"Home\",\"item\":\"https:\/\/www.tink.de\/blog\/\"},{\"@type\":\"ListItem\",\"position\":2,\"name\":\"HomePod mini &#8211; Apple pr\u00e4sentiert kompakten Siri Smart Speaker\"}]},{\"@type\":\"WebSite\",\"@id\":\"https:\/\/www.tink.de\/blog\/#website\",\"url\":\"https:\/\/www.tink.de\/blog\/\",\"name\":\"tink Blog\",\"description\":\"tink Smart Home Blog\",\"publisher\":{\"@id\":\"https:\/\/www.tink.de\/blog\/#organization\"},\"potentialAction\":[{\"@type\":\"SearchAction\",\"target\":{\"@type\":\"EntryPoint\",\"urlTemplate\":\"https:\/\/www.tink.de\/blog\/?s={search_term_string}\"},\"query-input\":{\"@type\":\"PropertyValueSpecification\",\"valueRequired\":true,\"valueName\":\"search_term_string\"}}],\"inLanguage\":\"de\"},{\"@type\":\"Organization\",\"@id\":\"https:\/\/www.tink.de\/blog\/#organization\",\"name\":\"tink GmbH\",\"alternateName\":\"tink\",\"url\":\"https:\/\/www.tink.de\/blog\/\",\"logo\":{\"@type\":\"ImageObject\",\"inLanguage\":\"de\",\"@id\":\"https:\/\/www.tink.de\/blog\/#\/schema\/logo\/image\/\",\"url\":\"https:\/\/i0.wp.com\/www.tink.de\/blog\/wp-content\/uploads\/2025\/08\/Group-4157.png?fit=264%2C265&ssl=1\",\"contentUrl\":\"https:\/\/i0.wp.com\/www.tink.de\/blog\/wp-content\/uploads\/2025\/08\/Group-4157.png?fit=264%2C265&ssl=1\",\"width\":264,\"height\":265,\"caption\":\"tink GmbH\"},\"image\":{\"@id\":\"https:\/\/www.tink.de\/blog\/#\/schema\/logo\/image\/\"},\"sameAs\":[\"https:\/\/www.facebook.com\/tinkh0me\",\"https:\/\/www.instagram.com\/tink\",\"https:\/\/de.linkedin.com\/company\/tink-gmbh\",\"https:\/\/www.youtube.com\/channel\/UCBhIvY0GdaK8Wc-5WWv8Kjw\"]},{\"@type\":\"Person\",\"@id\":\"https:\/\/www.tink.de\/blog\/#\/schema\/person\/88075dc90b44377a42600e23f9b47120\",\"name\":\"tink\",\"image\":{\"@type\":\"ImageObject\",\"inLanguage\":\"de\",\"@id\":\"https:\/\/www.tink.de\/blog\/#\/schema\/person\/image\/\",\"url\":\"https:\/\/secure.gravatar.com\/avatar\/20f2886dce53e05a67d57ce0ebf3b21f?s=96&d=mm&r=g\",\"contentUrl\":\"https:\/\/secure.gravatar.com\/avatar\/20f2886dce53e05a67d57ce0ebf3b21f?s=96&d=mm&r=g\",\"caption\":\"tink\"},\"url\":\"https:\/\/www.tink.de\/blog\/author\/tink\/\"}]}<\/script>\n<!-- \/ Yoast SEO plugin. -->","yoast_head_json":{"title":"HomePod mini - Apple pr\u00e4sentiert kompakten Siri Smart Speaker | tink","description":"HomePod Mini: \u2714 Airplay 2 Lautsprecher \u2714 Siri Smart Speaker \u2714 HomeKit Lautsprecher \u2714 Computational audio \u2714 Erh\u00e4ltlich ab November 2020","robots":{"index":"index","follow":"follow","max-snippet":"max-snippet:-1","max-image-preview":"max-image-preview:large","max-video-preview":"max-video-preview:-1"},"canonical":"https:\/\/www.tink.de\/blog\/homepod-mini-kompakter-siri-smart-speaker-mit-intercom\/","og_locale":"de_DE","og_type":"article","og_title":"HomePod mini - Apple pr\u00e4sentiert kompakten Siri Smart Speaker | tink","og_description":"HomePod Mini: \u2714 Airplay 2 Lautsprecher \u2714 Siri Smart Speaker \u2714 HomeKit Lautsprecher \u2714 Computational audio \u2714 Erh\u00e4ltlich ab November 2020","og_url":"https:\/\/www.tink.de\/blog\/homepod-mini-kompakter-siri-smart-speaker-mit-intercom\/","og_site_name":"tink Blog","article_publisher":"https:\/\/www.facebook.com\/tinkh0me","article_published_time":"2020-10-14T07:30:12+00:00","article_modified_time":"2025-09-18T14:38:10+00:00","og_image":[{"width":800,"height":600,"url":"https:\/\/www.tink.de\/blog\/wp-content\/uploads\/2024\/02\/79853726.jpg","type":"image\/jpeg"}],"author":"tink","twitter_card":"summary_large_image","twitter_misc":{"Verfasst von":"tink","Gesch\u00e4tzte Lesezeit":"3\u00a0Minuten"},"schema":{"@context":"https:\/\/schema.org","@graph":[{"@type":"Article","@id":"https:\/\/www.tink.de\/blog\/homepod-mini-kompakter-siri-smart-speaker-mit-intercom\/#article","isPartOf":{"@id":"https:\/\/www.tink.de\/blog\/homepod-mini-kompakter-siri-smart-speaker-mit-intercom\/"},"author":{"name":"tink","@id":"https:\/\/www.tink.de\/blog\/#\/schema\/person\/88075dc90b44377a42600e23f9b47120"},"headline":"HomePod mini &#8211; Apple pr\u00e4sentiert kompakten Siri Smart Speaker","datePublished":"2020-10-14T07:30:12+00:00","dateModified":"2025-09-18T14:38:10+00:00","mainEntityOfPage":{"@id":"https:\/\/www.tink.de\/blog\/homepod-mini-kompakter-siri-smart-speaker-mit-intercom\/"},"wordCount":676,"commentCount":0,"publisher":{"@id":"https:\/\/www.tink.de\/blog\/#organization"},"image":{"@id":"https:\/\/www.tink.de\/blog\/homepod-mini-kompakter-siri-smart-speaker-mit-intercom\/#primaryimage"},"thumbnailUrl":"https:\/\/i0.wp.com\/www.tink.de\/blog\/wp-content\/uploads\/2024\/02\/79853726.jpg?fit=800%2C600&ssl=1","articleSection":["Apple Home","Smart Home News"],"inLanguage":"de","potentialAction":[{"@type":"CommentAction","name":"Comment","target":["https:\/\/www.tink.de\/blog\/homepod-mini-kompakter-siri-smart-speaker-mit-intercom\/#respond"]}]},{"@type":"WebPage","@id":"https:\/\/www.tink.de\/blog\/homepod-mini-kompakter-siri-smart-speaker-mit-intercom\/","url":"https:\/\/www.tink.de\/blog\/homepod-mini-kompakter-siri-smart-speaker-mit-intercom\/","name":"HomePod mini - Apple pr\u00e4sentiert kompakten Siri Smart Speaker | tink","isPartOf":{"@id":"https:\/\/www.tink.de\/blog\/#website"},"primaryImageOfPage":{"@id":"https:\/\/www.tink.de\/blog\/homepod-mini-kompakter-siri-smart-speaker-mit-intercom\/#primaryimage"},"image":{"@id":"https:\/\/www.tink.de\/blog\/homepod-mini-kompakter-siri-smart-speaker-mit-intercom\/#primaryimage"},"thumbnailUrl":"https:\/\/i0.wp.com\/www.tink.de\/blog\/wp-content\/uploads\/2024\/02\/79853726.jpg?fit=800%2C600&ssl=1","datePublished":"2020-10-14T07:30:12+00:00","dateModified":"2025-09-18T14:38:10+00:00","description":"HomePod Mini: \u2714 Airplay 2 Lautsprecher \u2714 Siri Smart Speaker \u2714 HomeKit Lautsprecher \u2714 Computational audio \u2714 Erh\u00e4ltlich ab November 2020","breadcrumb":{"@id":"https:\/\/www.tink.de\/blog\/homepod-mini-kompakter-siri-smart-speaker-mit-intercom\/#breadcrumb"},"inLanguage":"de","potentialAction":[{"@type":"ReadAction","target":["https:\/\/www.tink.de\/blog\/homepod-mini-kompakter-siri-smart-speaker-mit-intercom\/"]}]},{"@type":"ImageObject","inLanguage":"de","@id":"https:\/\/www.tink.de\/blog\/homepod-mini-kompakter-siri-smart-speaker-mit-intercom\/#primaryimage","url":"https:\/\/i0.wp.com\/www.tink.de\/blog\/wp-content\/uploads\/2024\/02\/79853726.jpg?fit=800%2C600&ssl=1","contentUrl":"https:\/\/i0.wp.com\/www.tink.de\/blog\/wp-content\/uploads\/2024\/02\/79853726.jpg?fit=800%2C600&ssl=1","width":800,"height":600},{"@type":"BreadcrumbList","@id":"https:\/\/www.tink.de\/blog\/homepod-mini-kompakter-siri-smart-speaker-mit-intercom\/#breadcrumb","itemListElement":[{"@type":"ListItem","position":1,"name":"Home","item":"https:\/\/www.tink.de\/blog\/"},{"@type":"ListItem","position":2,"name":"HomePod mini &#8211; Apple pr\u00e4sentiert kompakten Siri Smart Speaker"}]},{"@type":"WebSite","@id":"https:\/\/www.tink.de\/blog\/#website","url":"https:\/\/www.tink.de\/blog\/","name":"tink Blog","description":"tink Smart Home Blog","publisher":{"@id":"https:\/\/www.tink.de\/blog\/#organization"},"potentialAction":[{"@type":"SearchAction","target":{"@type":"EntryPoint","urlTemplate":"https:\/\/www.tink.de\/blog\/?s={search_term_string}"},"query-input":{"@type":"PropertyValueSpecification","valueRequired":true,"valueName":"search_term_string"}}],"inLanguage":"de"},{"@type":"Organization","@id":"https:\/\/www.tink.de\/blog\/#organization","name":"tink GmbH","alternateName":"tink","url":"https:\/\/www.tink.de\/blog\/","logo":{"@type":"ImageObject","inLanguage":"de","@id":"https:\/\/www.tink.de\/blog\/#\/schema\/logo\/image\/","url":"https:\/\/i0.wp.com\/www.tink.de\/blog\/wp-content\/uploads\/2025\/08\/Group-4157.png?fit=264%2C265&ssl=1","contentUrl":"https:\/\/i0.wp.com\/www.tink.de\/blog\/wp-content\/uploads\/2025\/08\/Group-4157.png?fit=264%2C265&ssl=1","width":264,"height":265,"caption":"tink GmbH"},"image":{"@id":"https:\/\/www.tink.de\/blog\/#\/schema\/logo\/image\/"},"sameAs":["https:\/\/www.facebook.com\/tinkh0me","https:\/\/www.instagram.com\/tink","https:\/\/de.linkedin.com\/company\/tink-gmbh","https:\/\/www.youtube.com\/channel\/UCBhIvY0GdaK8Wc-5WWv8Kjw"]},{"@type":"Person","@id":"https:\/\/www.tink.de\/blog\/#\/schema\/person\/88075dc90b44377a42600e23f9b47120","name":"tink","image":{"@type":"ImageObject","inLanguage":"de","@id":"https:\/\/www.tink.de\/blog\/#\/schema\/person\/image\/","url":"https:\/\/secure.gravatar.com\/avatar\/20f2886dce53e05a67d57ce0ebf3b21f?s=96&d=mm&r=g","contentUrl":"https:\/\/secure.gravatar.com\/avatar\/20f2886dce53e05a67d57ce0ebf3b21f?s=96&d=mm&r=g","caption":"tink"},"url":"https:\/\/www.tink.de\/blog\/author\/tink\/"}]}},"jetpack_featured_media_url":"https:\/\/i0.wp.com\/www.tink.de\/blog\/wp-content\/uploads\/2024\/02\/79853726.jpg?fit=800%2C600&ssl=1","jetpack_sharing_enabled":true,"_links":{"self":[{"href":"https:\/\/www.tink.de\/blog\/wp-json\/wp\/v2\/posts\/42457"}],"collection":[{"href":"https:\/\/www.tink.de\/blog\/wp-json\/wp\/v2\/posts"}],"about":[{"href":"https:\/\/www.tink.de\/blog\/wp-json\/wp\/v2\/types\/post"}],"author":[{"embeddable":true,"href":"https:\/\/www.tink.de\/blog\/wp-json\/wp\/v2\/users\/1"}],"replies":[{"embeddable":true,"href":"https:\/\/www.tink.de\/blog\/wp-json\/wp\/v2\/comments?post=42457"}],"version-history":[{"count":1,"href":"https:\/\/www.tink.de\/blog\/wp-json\/wp\/v2\/posts\/42457\/revisions"}],"predecessor-version":[{"id":42459,"href":"https:\/\/www.tink.de\/blog\/wp-json\/wp\/v2\/posts\/42457\/revisions\/42459"}],"wp:featuredmedia":[{"embeddable":true,"href":"https:\/\/www.tink.de\/blog\/wp-json\/wp\/v2\/media\/42458"}],"wp:attachment":[{"href":"https:\/\/www.tink.de\/blog\/wp-json\/wp\/v2\/media?parent=42457"}],"wp:term":[{"taxonomy":"category","embeddable":true,"href":"https:\/\/www.tink.de\/blog\/wp-json\/wp\/v2\/categories?post=42457"},{"taxonomy":"post_tag","embeddable":true,"href":"https:\/\/www.tink.de\/blog\/wp-json\/wp\/v2\/tags?post=42457"},{"taxonomy":"brand","embeddable":true,"href":"https:\/\/www.tink.de\/blog\/wp-json\/wp\/v2\/brand?post=42457"}],"curies":[{"name":"wp","href":"https:\/\/api.w.org\/{rel}","templated":true}]}}