{"id":42334,"date":"2022-01-25T06:00:04","date_gmt":"2022-01-25T05:00:04","guid":{"rendered":"http:\/\/sftp-tink.com\/smart-city-das-vernetzte-zuhause-in-der-intelligenten-stadt\/"},"modified":"2025-07-17T18:21:29","modified_gmt":"2025-07-17T16:21:29","slug":"smart-city-das-vernetzte-zuhause-in-der-intelligenten-stadt","status":"publish","type":"post","link":"https:\/\/www.tink.de\/blog\/smart-city-das-vernetzte-zuhause-in-der-intelligenten-stadt\/","title":{"rendered":"Smart City vorgestellt: Das vernetzte Zuhause in der intelligenten Stadt"},"content":{"rendered":"<p><div id=\"tdi_1\" class=\"tdc-row\"><div class=\"vc_row tdi_2  wpb_row td-pb-row\" >\n<style scoped>\n\/* custom css - generated by TagDiv Composer *\/\n\n\/* custom css - generated by TagDiv Composer *\/\n.tdi_2,\r\n                .tdi_2 .tdc-columns{\r\n                    min-height: 0;\r\n                }.tdi_2,\r\n\t\t\t\t.tdi_2 .tdc-columns{\r\n\t\t\t\t    display: block;\r\n\t\t\t\t}.tdi_2 .tdc-columns{\r\n\t\t\t\t    width: 100%;\r\n\t\t\t\t}.tdi_2:before,\r\n\t\t\t\t.tdi_2:after{\r\n\t\t\t\t    display: table;\r\n\t\t\t\t}\n<\/style><div class=\"vc_column tdi_4  wpb_column vc_column_container tdc-column td-pb-span12\">\n<style scoped>\n\/* custom css - generated by TagDiv Composer *\/\n\n\/* custom css - generated by TagDiv Composer *\/\n.tdi_4{\r\n                    vertical-align: baseline;\r\n                }.tdi_4 > .wpb_wrapper,\r\n\t\t\t\t.tdi_4 > .wpb_wrapper > .tdc-elements{\r\n\t\t\t\t    display: block;\r\n\t\t\t\t}.tdi_4 > .wpb_wrapper > .tdc-elements{\r\n\t\t\t\t    width: 100%;\r\n\t\t\t\t}.tdi_4 > .wpb_wrapper > .vc_row_inner{\r\n\t\t\t\t    width: auto;\r\n\t\t\t\t}.tdi_4 > .wpb_wrapper{\r\n\t\t\t\t    width: auto;\r\n\t\t\t\t    height: auto;\r\n\t\t\t\t}\n<\/style><div class=\"wpb_wrapper\" ><div class=\"wpb_wrapper wpb_text_column td_block_wrap td_block_wrap vc_column_text tdi_5  tagdiv-type td-pb-border-top td_block_template_1\"  data-td-block-uid=\"tdi_5\" >\n<style>\n\/* custom css - generated by TagDiv Composer *\/\n.vc_column_text > .td-element-style{\r\n\t\t\t\t\tz-index: -1;\r\n\t\t\t\t}\n<\/style><div class=\"td-fix-index\"><h2>Idee und Konzept der Smart City<\/h2>\n<\/div><\/div><div class=\"wpb_wrapper wpb_text_column td_block_wrap td_block_wrap vc_column_text tdi_6  tagdiv-type td-pb-border-top td_block_template_1\"  data-td-block-uid=\"tdi_6\" ><div class=\"td-fix-index\"><p>Als Feivel, der Mauswanderer nach New York kam, da erschien ihm die Stadt bedrohlich und fremd. Heutzutage richtet sich die Stadt immer mehr nach den Menschen, die in ihr wohnen. Das interessanteste Konzept ist hier eindeutig die sogenannte Smart City.<\/p>\n<\/div><\/div><div class=\"wpb_wrapper wpb_text_column td_block_wrap td_block_wrap vc_column_text tdi_7  tagdiv-type td-pb-border-top td_block_template_1\"  data-td-block-uid=\"tdi_7\" ><div class=\"td-fix-index\"><p>Das Konzept einer Smart City hat hierbei nicht nur zum Ziel, das Lebensgef\u00fchl seiner Bewohner zu verbessern, Energiekosten zu senken, sondern die Stadt insgesamt auch nachhaltiger zu machen. So sind nachhaltige Energiequellen wie Wind und Sonne aus der intelligenten Stadt kaum wegzudenken. Solarpanels auf Geb\u00e4uded\u00e4chern oder eben auch auf der R\u00fcckseite einer smarten Bank l\u00f6sen das Problem also auf intelligente Weise. Zu letztere sp\u00e4ter mehr.<\/p>\n<\/div><\/div><div class=\"wpb_wrapper td_block_single_image td_block_wrap\"><\/div><\/div><\/div><\/div><\/div><div id=\"tdi_9\" class=\"tdc-row\"><div class=\"vc_row tdi_10  wpb_row td-pb-row\" >\n<style scoped>\n\/* custom css - generated by TagDiv Composer *\/\n\n\/* custom css - generated by TagDiv Composer *\/\n.tdi_10,\r\n                .tdi_10 .tdc-columns{\r\n                    min-height: 0;\r\n                }.tdi_10,\r\n\t\t\t\t.tdi_10 .tdc-columns{\r\n\t\t\t\t    display: block;\r\n\t\t\t\t}.tdi_10 .tdc-columns{\r\n\t\t\t\t    width: 100%;\r\n\t\t\t\t}.tdi_10:before,\r\n\t\t\t\t.tdi_10:after{\r\n\t\t\t\t    display: table;\r\n\t\t\t\t}\n<\/style><div class=\"vc_column tdi_12  wpb_column vc_column_container tdc-column td-pb-span12\">\n<style scoped>\n\/* custom css - generated by TagDiv Composer *\/\n\n\/* custom css - generated by TagDiv Composer *\/\n.tdi_12{\r\n                    vertical-align: baseline;\r\n                }.tdi_12 > .wpb_wrapper,\r\n\t\t\t\t.tdi_12 > .wpb_wrapper > .tdc-elements{\r\n\t\t\t\t    display: block;\r\n\t\t\t\t}.tdi_12 > .wpb_wrapper > .tdc-elements{\r\n\t\t\t\t    width: 100%;\r\n\t\t\t\t}.tdi_12 > .wpb_wrapper > .vc_row_inner{\r\n\t\t\t\t    width: auto;\r\n\t\t\t\t}.tdi_12 > .wpb_wrapper{\r\n\t\t\t\t    width: auto;\r\n\t\t\t\t    height: auto;\r\n\t\t\t\t}\n<\/style><div class=\"wpb_wrapper\" ><div class=\"wpb_wrapper wpb_text_column td_block_wrap td_block_wrap vc_column_text tdi_13  tagdiv-type td-pb-border-top td_block_template_1\"  data-td-block-uid=\"tdi_13\" ><div class=\"td-fix-index\"><h2>Auch urbane Mobilit\u00e4t wird endlich smart<\/h2>\n<\/div><\/div><div class=\"wpb_wrapper wpb_text_column td_block_wrap td_block_wrap vc_column_text tdi_14  tagdiv-type td-pb-border-top td_block_template_1\"  data-td-block-uid=\"tdi_14\" ><div class=\"td-fix-index\"><p>Auf manchen Parkpl\u00e4tzen sowie Parkh\u00e4usern in Hamburg oder Berlin kannst Du bereits erleben, was die Smart City im Alltag bedeuten kann. So befinden sich auf einigen Stellpl\u00e4tzen kleine Sensoren im Boden. Diese melden, wenn ein Parkplatz belegt ist. Diese Information wird an eine Schnittstelle weitergegeben, auf die man als Autofahrer z.B. per App oder Autobetriebssystem zugreifen kann. Bevor Du also losf\u00e4hrst, wei\u00dft Du bereits, wo Du Dein Auto parken kannst.<\/p>\n<\/div><\/div><div class=\"wpb_wrapper wpb_text_column td_block_wrap td_block_wrap vc_column_text tdi_15  tagdiv-type td-pb-border-top td_block_template_1\"  data-td-block-uid=\"tdi_15\" ><div class=\"td-fix-index\"><p>Das Ziel der smarten Stadt ist schnell auf den Punkt gebracht: st\u00e4dtisches Leben mittels neuer Technologien f\u00fcr alle komfortabler machen. Grundlage f\u00fcr die vernetzte Stadt ist das Mobilfunknetz in f\u00fcnfter Generation, das sogenannte 5G. Dieses beinhaltet eine Ebene, die sich insbesondere an das Internet der Dinge richtet. Dieses braucht indes weite Funkreichweiten bei geringem Energieverbrauch.<\/p>\n<\/div><\/div><div class=\"wpb_wrapper td_block_single_image td_block_wrap\"><\/div><div class=\"wpb_wrapper wpb_text_column td_block_wrap td_block_wrap vc_column_text tdi_17  tagdiv-type td-pb-border-top td_block_template_1\"  data-td-block-uid=\"tdi_17\" ><div class=\"td-fix-index\"><p>Doch auch w\u00e4hrend der Fahrt hilft Dir die intelligente Stadt, Deinen Weg zu finden. So wie Du Deine Philips Hue-Lampen miteinander vernetzt, l\u00e4sst sich auch die Stra\u00dfenbeleuchtung miteinander vernetzen. So werden sie geschaltet, wenn es n\u00f6tig ist und erfassen zudem ganz schnell, wie voll es derzeit auf den Stra\u00dfen Deiner Stadt ist. Diese Daten k\u00f6nnen dann ebenfalls an Dich weitergegeben werden.<\/p>\n<\/div><\/div><div class=\"wpb_wrapper wpb_text_column td_block_wrap td_block_wrap vc_column_text tdi_18  tagdiv-type td-pb-border-top td_block_template_1\"  data-td-block-uid=\"tdi_18\" ><div class=\"td-fix-index\"><p>\u00dcbrigens: diese Verkehrsdaten sind ebenfalls nutzbar, um Dein Auto ganz autonom \u00fcber die Stra\u00dfe gleiten zu lassen.<\/p>\n<\/div><\/div><\/div><\/div><\/div><\/div><div id=\"tdi_19\" class=\"tdc-row\"><div class=\"vc_row tdi_20  wpb_row td-pb-row\" >\n<style scoped>\n\/* custom css - generated by TagDiv Composer *\/\n\n\/* custom css - generated by TagDiv Composer *\/\n.tdi_20,\r\n                .tdi_20 .tdc-columns{\r\n                    min-height: 0;\r\n                }.tdi_20,\r\n\t\t\t\t.tdi_20 .tdc-columns{\r\n\t\t\t\t    display: block;\r\n\t\t\t\t}.tdi_20 .tdc-columns{\r\n\t\t\t\t    width: 100%;\r\n\t\t\t\t}.tdi_20:before,\r\n\t\t\t\t.tdi_20:after{\r\n\t\t\t\t    display: table;\r\n\t\t\t\t}\n<\/style><div class=\"vc_column tdi_22  wpb_column vc_column_container tdc-column td-pb-span12\">\n<style scoped>\n\/* custom css - generated by TagDiv Composer *\/\n\n\/* custom css - generated by TagDiv Composer *\/\n.tdi_22{\r\n                    vertical-align: baseline;\r\n                }.tdi_22 > .wpb_wrapper,\r\n\t\t\t\t.tdi_22 > .wpb_wrapper > .tdc-elements{\r\n\t\t\t\t    display: block;\r\n\t\t\t\t}.tdi_22 > .wpb_wrapper > .tdc-elements{\r\n\t\t\t\t    width: 100%;\r\n\t\t\t\t}.tdi_22 > .wpb_wrapper > .vc_row_inner{\r\n\t\t\t\t    width: auto;\r\n\t\t\t\t}.tdi_22 > .wpb_wrapper{\r\n\t\t\t\t    width: auto;\r\n\t\t\t\t    height: auto;\r\n\t\t\t\t}\n<\/style><div class=\"wpb_wrapper\" ><div class=\"wpb_wrapper wpb_text_column td_block_wrap td_block_wrap vc_column_text tdi_23  tagdiv-type td-pb-border-top td_block_template_1\"  data-td-block-uid=\"tdi_23\" ><div class=\"td-fix-index\"><h2>Smartes Licht f\u00fcr mehr Energieeffizienz<\/h2>\n<\/div><\/div><div class=\"wpb_wrapper wpb_text_column td_block_wrap td_block_wrap vc_column_text tdi_24  tagdiv-type td-pb-border-top td_block_template_1\"  data-td-block-uid=\"tdi_24\" ><div class=\"td-fix-index\"><p>Eine Stadt, deren Stra\u00dfenbeleuchtung vernetzt ist, bietet aber noch weitere Vorteile. So k\u00f6nnten Lampen zum einen sehr viel genauer geschaltet werden. Anstatt also auf der hellsten Stufe zu leuchten, obwohl die Sonne bereits aufgegangen ist, k\u00f6nnten sie automatisch die Helligkeit regeln &#8211; oder eben ganz abschalten, sobald der Sonnenaufgang registriert wird.<\/p>\n<\/div><\/div><div class=\"wpb_wrapper wpb_text_column td_block_wrap td_block_wrap vc_column_text tdi_25  tagdiv-type td-pb-border-top td_block_template_1\"  data-td-block-uid=\"tdi_25\" ><div class=\"td-fix-index\"><p>Zum anderen gibt eine smarte Lampe jederzeit R\u00fcckmeldung dar\u00fcber, wo Licht tats\u00e4chlich gebraucht wird, wie stark die tats\u00e4chliche Ausleuchtung ist und gibt bei Bedarf weiter, wann sie ausgetauscht werden muss. Oder anders gesagt: in der Smart City herrscht bei h\u00f6chster Energieeffizienz stets das perfekte Licht.<\/p>\n<\/div><\/div><div class=\"wpb_wrapper td_block_single_image td_block_wrap\"><\/div><\/div><\/div><\/div><\/div><div id=\"tdi_27\" class=\"tdc-row\"><div class=\"vc_row tdi_28  wpb_row td-pb-row\" >\n<style scoped>\n\/* custom css - generated by TagDiv Composer *\/\n\n\/* custom css - generated by TagDiv Composer *\/\n.tdi_28,\r\n                .tdi_28 .tdc-columns{\r\n                    min-height: 0;\r\n                }.tdi_28,\r\n\t\t\t\t.tdi_28 .tdc-columns{\r\n\t\t\t\t    display: block;\r\n\t\t\t\t}.tdi_28 .tdc-columns{\r\n\t\t\t\t    width: 100%;\r\n\t\t\t\t}.tdi_28:before,\r\n\t\t\t\t.tdi_28:after{\r\n\t\t\t\t    display: table;\r\n\t\t\t\t}\n<\/style><div class=\"vc_column tdi_30  wpb_column vc_column_container tdc-column td-pb-span12\">\n<style scoped>\n\/* custom css - generated by TagDiv Composer *\/\n\n\/* custom css - generated by TagDiv Composer *\/\n.tdi_30{\r\n                    vertical-align: baseline;\r\n                }.tdi_30 > .wpb_wrapper,\r\n\t\t\t\t.tdi_30 > .wpb_wrapper > .tdc-elements{\r\n\t\t\t\t    display: block;\r\n\t\t\t\t}.tdi_30 > .wpb_wrapper > .tdc-elements{\r\n\t\t\t\t    width: 100%;\r\n\t\t\t\t}.tdi_30 > .wpb_wrapper > .vc_row_inner{\r\n\t\t\t\t    width: auto;\r\n\t\t\t\t}.tdi_30 > .wpb_wrapper{\r\n\t\t\t\t    width: auto;\r\n\t\t\t\t    height: auto;\r\n\t\t\t\t}\n<\/style><div class=\"wpb_wrapper\" ><div class=\"wpb_wrapper wpb_text_column td_block_wrap td_block_wrap vc_column_text tdi_31  tagdiv-type td-pb-border-top td_block_template_1\"  data-td-block-uid=\"tdi_31\" ><div class=\"td-fix-index\"><h2>Smarte B\u00e4nke f\u00fcr ein besseres Stadtklima<\/h2>\n<\/div><\/div><div class=\"wpb_wrapper wpb_text_column td_block_wrap td_block_wrap vc_column_text tdi_32  tagdiv-type td-pb-border-top td_block_template_1\"  data-td-block-uid=\"tdi_32\" ><div class=\"td-fix-index\"><p>Sei es die kurze Pause in der Passage oder das Verweilen im Park. Anstatt aber auf einer einfachen Holzbank zu sitzen, bietet Dir die Sitzm\u00f6glichkeit einer smarten Stadt noch so viel mehr. Die intelligent vernetzte Bank wird auch in Sachen Stadtklima aktiv. So existieren bereits Modelle, die sich ihrerseits vernetzten lassen, um bei steigender Feinstaubbelastung die Luft zu reinigen. Spezielle integrierte Filter sowie dazugeh\u00f6rige, sogenannte vertikale Gr\u00fcnfl\u00e4chen machen es m\u00f6glich.<\/p>\n<\/div><\/div><div class=\"wpb_wrapper wpb_text_column td_block_wrap td_block_wrap vc_column_text tdi_33  tagdiv-type td-pb-border-top td_block_template_1\"  data-td-block-uid=\"tdi_33\" ><div class=\"td-fix-index\"><p>Anders gesagt: Das, was also mit Luftg\u00fctesensoren im Kleinen bei Dir zu Hause funktioniert, das kann auch auf Stadtebene umgesetzt werden.<\/p>\n<\/div><\/div><\/div><\/div><\/div><\/div><div id=\"tdi_34\" class=\"tdc-row\"><div class=\"vc_row tdi_35  wpb_row td-pb-row\" >\n<style scoped>\n\/* custom css - generated by TagDiv Composer *\/\n\n\/* custom css - generated by TagDiv Composer *\/\n.tdi_35,\r\n                .tdi_35 .tdc-columns{\r\n                    min-height: 0;\r\n                }.tdi_35,\r\n\t\t\t\t.tdi_35 .tdc-columns{\r\n\t\t\t\t    display: block;\r\n\t\t\t\t}.tdi_35 .tdc-columns{\r\n\t\t\t\t    width: 100%;\r\n\t\t\t\t}.tdi_35:before,\r\n\t\t\t\t.tdi_35:after{\r\n\t\t\t\t    display: table;\r\n\t\t\t\t}\n<\/style><div class=\"vc_column tdi_37  wpb_column vc_column_container tdc-column td-pb-span12\">\n<style scoped>\n\/* custom css - generated by TagDiv Composer *\/\n\n\/* custom css - generated by TagDiv Composer *\/\n.tdi_37{\r\n                    vertical-align: baseline;\r\n                }.tdi_37 > .wpb_wrapper,\r\n\t\t\t\t.tdi_37 > .wpb_wrapper > .tdc-elements{\r\n\t\t\t\t    display: block;\r\n\t\t\t\t}.tdi_37 > .wpb_wrapper > .tdc-elements{\r\n\t\t\t\t    width: 100%;\r\n\t\t\t\t}.tdi_37 > .wpb_wrapper > .vc_row_inner{\r\n\t\t\t\t    width: auto;\r\n\t\t\t\t}.tdi_37 > .wpb_wrapper{\r\n\t\t\t\t    width: auto;\r\n\t\t\t\t    height: auto;\r\n\t\t\t\t}\n<\/style><div class=\"wpb_wrapper\" ><div class=\"wpb_wrapper wpb_text_column td_block_wrap td_block_wrap vc_column_text tdi_38  tagdiv-type td-pb-border-top td_block_template_1\"  data-td-block-uid=\"tdi_38\" ><div class=\"td-fix-index\"><h2>Dein Smart Home ist Deine pers\u00f6nliche Schnittstelle<\/h2>\n<\/div><\/div><div class=\"wpb_wrapper wpb_text_column td_block_wrap td_block_wrap vc_column_text tdi_39  tagdiv-type td-pb-border-top td_block_template_1\"  data-td-block-uid=\"tdi_39\" ><div class=\"td-fix-index\"><p>Parkpl\u00e4tze und Navigation, urbanes Licht, Stadtklima und Solarenergie. Bei so viel Technik bleibt nat\u00fcrlich die Frage: Was ist mit dem eigenen Zuhause? Richtig wertvoll wird all das nat\u00fcrlich erst, wenn man in seinen eigenen vier W\u00e4nden Zugriff auf die smarte Infrastruktur hat. So bieten Smart-Home-Systeme bereits heute schon Schnittstellen, die die Daten aufbereiten und darstellen &#8211; und somit auch f\u00fcr ganz pers\u00f6nliche Automationen nutzbar machen.<\/p>\n<\/div><\/div><div class=\"wpb_wrapper td_block_single_image td_block_wrap\"><\/div><div class=\"wpb_wrapper wpb_text_column td_block_wrap td_block_wrap vc_column_text tdi_41  tagdiv-type td-pb-border-top td_block_template_1\"  data-td-block-uid=\"tdi_41\" ><div class=\"td-fix-index\"><p>Morgens einen Blick auf die Stromproduktion der eigenen Solarpanels werfen? Den Ladezustand des E-Rollers \u00fcberpr\u00fcfen. Checken, oder der Lieblingsstellplatz noch frei ist? Und wie sie es mit der lokalen Luftqualit\u00e4t aus? In der Smart City ganz einfach.<\/p>\n<\/div><\/div><\/div><\/div><\/div><\/div><div id=\"tdi_42\" class=\"tdc-row\"><div class=\"vc_row tdi_43  wpb_row td-pb-row\" >\n<style scoped>\n\/* custom css - generated by TagDiv Composer *\/\n\n\/* custom css - generated by TagDiv Composer *\/\n.tdi_43,\r\n                .tdi_43 .tdc-columns{\r\n                    min-height: 0;\r\n                }.tdi_43,\r\n\t\t\t\t.tdi_43 .tdc-columns{\r\n\t\t\t\t    display: block;\r\n\t\t\t\t}.tdi_43 .tdc-columns{\r\n\t\t\t\t    width: 100%;\r\n\t\t\t\t}.tdi_43:before,\r\n\t\t\t\t.tdi_43:after{\r\n\t\t\t\t    display: table;\r\n\t\t\t\t}\n<\/style><div class=\"vc_column tdi_45  wpb_column vc_column_container tdc-column td-pb-span12\">\n<style scoped>\n\/* custom css - generated by TagDiv Composer *\/\n\n\/* custom css - generated by TagDiv Composer *\/\n.tdi_45{\r\n                    vertical-align: baseline;\r\n                }.tdi_45 > .wpb_wrapper,\r\n\t\t\t\t.tdi_45 > .wpb_wrapper > .tdc-elements{\r\n\t\t\t\t    display: block;\r\n\t\t\t\t}.tdi_45 > .wpb_wrapper > .tdc-elements{\r\n\t\t\t\t    width: 100%;\r\n\t\t\t\t}.tdi_45 > .wpb_wrapper > .vc_row_inner{\r\n\t\t\t\t    width: auto;\r\n\t\t\t\t}.tdi_45 > .wpb_wrapper{\r\n\t\t\t\t    width: auto;\r\n\t\t\t\t    height: auto;\r\n\t\t\t\t}\n<\/style><div class=\"wpb_wrapper\" ><div class=\"wpb_wrapper wpb_text_column td_block_wrap td_block_wrap vc_column_text tdi_46  tagdiv-type td-pb-border-top td_block_template_1\"  data-td-block-uid=\"tdi_46\" ><div class=\"td-fix-index\"><h2>Smart City, ein kurzes Fazit<\/h2>\n<\/div><\/div><div class=\"wpb_wrapper wpb_text_column td_block_wrap td_block_wrap vc_column_text tdi_47  tagdiv-type td-pb-border-top td_block_template_1\"  data-td-block-uid=\"tdi_47\" ><div class=\"td-fix-index\"><p>Morgens einen Blick auf die Stromproduktion der eigenen Solarpanels werfen? Den Ladezustand des E-Rollers \u00fcberpr\u00fcfen. Checken, oder der Lieblingsstellplatz noch frei ist? Und wie sie es mit der lokalen Luftqualit\u00e4t aus? In der Smart City ganz einfach.<\/p>\n<\/div><\/div><div class=\"wpb_wrapper wpb_text_column td_block_wrap td_block_wrap vc_column_text tdi_48  tagdiv-type td-pb-border-top td_block_template_1\"  data-td-block-uid=\"tdi_48\" ><div class=\"td-fix-index\"><p>Das smarte Zuhause ist Realit\u00e4t. So erscheint es doch logisch, dass sich die vernetzte Technik auch in der Stadt verteilt, oder? F\u00fcr ein besseres Stadtklima, f\u00fcr ein nachhaltigeres Energiemanagement, eine optimale Verkehrsleitung bis hin zum autonomen Fahren. Das Smart Home in eigenen Zuhause wird so zur Schnittstelle zwischen Stadt und Zuhause. F\u00fcr ein smartes Wohngef\u00fchl zu Hause und unterwegs.<\/p>\n<\/div><\/div><\/div><\/div><\/div><\/div><\/p>\n","protected":false},"excerpt":{"rendered":"","protected":false},"author":1,"featured_media":42335,"comment_status":"open","ping_status":"closed","sticky":false,"template":"","format":"standard","meta":{"_acf_changed":false,"_monsterinsights_skip_tracking":false,"_monsterinsights_sitenote_active":false,"_monsterinsights_sitenote_note":"","_monsterinsights_sitenote_category":0,"jetpack_post_was_ever_published":false,"_jetpack_newsletter_access":"","_jetpack_dont_email_post_to_subs":false,"_jetpack_newsletter_tier_id":0,"_jetpack_memberships_contains_paywalled_content":false,"iawp_total_views":31,"_jetpack_memberships_contains_paid_content":false,"footnotes":"","jetpack_publicize_message":"","jetpack_publicize_feature_enabled":true,"jetpack_social_post_already_shared":false,"jetpack_social_options":{"image_generator_settings":{"template":"highway","enabled":false},"version":2}},"categories":[1181],"tags":[],"brand":[7971],"jetpack_publicize_connections":[],"acf":[],"yoast_head":"<!-- This site is optimized with the Yoast SEO plugin v24.5 - https:\/\/yoast.com\/wordpress\/plugins\/seo\/ -->\n<title>Smart City: Das vernetzte Zuhause in der intelligenten Stadt | tink<\/title>\n<meta name=\"description\" content=\"Smart City: \u2714 Internet der Dinge IoT \u2714 Digitale Stadt der Zukunft \u2714 Smart Home \u2714 5G Kommunikationsstandard \u2714 Nachhaltigkeit\" \/>\n<meta name=\"robots\" content=\"index, follow, max-snippet:-1, max-image-preview:large, max-video-preview:-1\" \/>\n<link rel=\"canonical\" href=\"https:\/\/www.tink.de\/blog\/smart-city-das-vernetzte-zuhause-in-der-intelligenten-stadt\/\" \/>\n<meta property=\"og:locale\" content=\"de_DE\" \/>\n<meta property=\"og:type\" content=\"article\" \/>\n<meta property=\"og:title\" content=\"Smart City: Das vernetzte Zuhause in der intelligenten Stadt | tink\" \/>\n<meta property=\"og:description\" content=\"Smart City: \u2714 Internet der Dinge IoT \u2714 Digitale Stadt der Zukunft \u2714 Smart Home \u2714 5G Kommunikationsstandard \u2714 Nachhaltigkeit\" \/>\n<meta property=\"og:url\" content=\"https:\/\/www.tink.de\/blog\/smart-city-das-vernetzte-zuhause-in-der-intelligenten-stadt\/\" \/>\n<meta property=\"og:site_name\" content=\"tink Blog\" \/>\n<meta property=\"article:publisher\" content=\"https:\/\/www.facebook.com\/tinkh0me\" \/>\n<meta property=\"article:published_time\" content=\"2022-01-25T05:00:04+00:00\" \/>\n<meta property=\"article:modified_time\" content=\"2025-07-17T16:21:29+00:00\" \/>\n<meta property=\"og:image\" content=\"https:\/\/www.tink.de\/blog\/wp-content\/uploads\/2024\/02\/63313308.jpg\" \/>\n\t<meta property=\"og:image:width\" content=\"800\" \/>\n\t<meta property=\"og:image:height\" content=\"600\" \/>\n\t<meta property=\"og:image:type\" content=\"image\/jpeg\" \/>\n<meta name=\"author\" content=\"tink\" \/>\n<meta name=\"twitter:card\" content=\"summary_large_image\" \/>\n<meta name=\"twitter:label1\" content=\"Verfasst von\" \/>\n\t<meta name=\"twitter:data1\" content=\"tink\" \/>\n\t<meta name=\"twitter:label2\" content=\"Gesch\u00e4tzte Lesezeit\" \/>\n\t<meta name=\"twitter:data2\" content=\"5\u00a0Minuten\" \/>\n<script type=\"application\/ld+json\" class=\"yoast-schema-graph\">{\"@context\":\"https:\/\/schema.org\",\"@graph\":[{\"@type\":\"Article\",\"@id\":\"https:\/\/www.tink.de\/blog\/smart-city-das-vernetzte-zuhause-in-der-intelligenten-stadt\/#article\",\"isPartOf\":{\"@id\":\"https:\/\/www.tink.de\/blog\/smart-city-das-vernetzte-zuhause-in-der-intelligenten-stadt\/\"},\"author\":{\"name\":\"tink\",\"@id\":\"https:\/\/www.tink.de\/blog\/#\/schema\/person\/88075dc90b44377a42600e23f9b47120\"},\"headline\":\"Smart City vorgestellt: Das vernetzte Zuhause in der intelligenten Stadt\",\"datePublished\":\"2022-01-25T05:00:04+00:00\",\"dateModified\":\"2025-07-17T16:21:29+00:00\",\"mainEntityOfPage\":{\"@id\":\"https:\/\/www.tink.de\/blog\/smart-city-das-vernetzte-zuhause-in-der-intelligenten-stadt\/\"},\"wordCount\":1070,\"commentCount\":0,\"publisher\":{\"@id\":\"https:\/\/www.tink.de\/blog\/#organization\"},\"image\":{\"@id\":\"https:\/\/www.tink.de\/blog\/smart-city-das-vernetzte-zuhause-in-der-intelligenten-stadt\/#primaryimage\"},\"thumbnailUrl\":\"https:\/\/i0.wp.com\/www.tink.de\/blog\/wp-content\/uploads\/2024\/02\/63313308.jpg?fit=800%2C600&ssl=1\",\"articleSection\":[\"Smart Home News\"],\"inLanguage\":\"de\",\"potentialAction\":[{\"@type\":\"CommentAction\",\"name\":\"Comment\",\"target\":[\"https:\/\/www.tink.de\/blog\/smart-city-das-vernetzte-zuhause-in-der-intelligenten-stadt\/#respond\"]}]},{\"@type\":\"WebPage\",\"@id\":\"https:\/\/www.tink.de\/blog\/smart-city-das-vernetzte-zuhause-in-der-intelligenten-stadt\/\",\"url\":\"https:\/\/www.tink.de\/blog\/smart-city-das-vernetzte-zuhause-in-der-intelligenten-stadt\/\",\"name\":\"Smart City: Das vernetzte Zuhause in der intelligenten Stadt | tink\",\"isPartOf\":{\"@id\":\"https:\/\/www.tink.de\/blog\/#website\"},\"primaryImageOfPage\":{\"@id\":\"https:\/\/www.tink.de\/blog\/smart-city-das-vernetzte-zuhause-in-der-intelligenten-stadt\/#primaryimage\"},\"image\":{\"@id\":\"https:\/\/www.tink.de\/blog\/smart-city-das-vernetzte-zuhause-in-der-intelligenten-stadt\/#primaryimage\"},\"thumbnailUrl\":\"https:\/\/i0.wp.com\/www.tink.de\/blog\/wp-content\/uploads\/2024\/02\/63313308.jpg?fit=800%2C600&ssl=1\",\"datePublished\":\"2022-01-25T05:00:04+00:00\",\"dateModified\":\"2025-07-17T16:21:29+00:00\",\"description\":\"Smart City: \u2714 Internet der Dinge IoT \u2714 Digitale Stadt der Zukunft \u2714 Smart Home \u2714 5G Kommunikationsstandard \u2714 Nachhaltigkeit\",\"breadcrumb\":{\"@id\":\"https:\/\/www.tink.de\/blog\/smart-city-das-vernetzte-zuhause-in-der-intelligenten-stadt\/#breadcrumb\"},\"inLanguage\":\"de\",\"potentialAction\":[{\"@type\":\"ReadAction\",\"target\":[\"https:\/\/www.tink.de\/blog\/smart-city-das-vernetzte-zuhause-in-der-intelligenten-stadt\/\"]}]},{\"@type\":\"ImageObject\",\"inLanguage\":\"de\",\"@id\":\"https:\/\/www.tink.de\/blog\/smart-city-das-vernetzte-zuhause-in-der-intelligenten-stadt\/#primaryimage\",\"url\":\"https:\/\/i0.wp.com\/www.tink.de\/blog\/wp-content\/uploads\/2024\/02\/63313308.jpg?fit=800%2C600&ssl=1\",\"contentUrl\":\"https:\/\/i0.wp.com\/www.tink.de\/blog\/wp-content\/uploads\/2024\/02\/63313308.jpg?fit=800%2C600&ssl=1\",\"width\":800,\"height\":600},{\"@type\":\"BreadcrumbList\",\"@id\":\"https:\/\/www.tink.de\/blog\/smart-city-das-vernetzte-zuhause-in-der-intelligenten-stadt\/#breadcrumb\",\"itemListElement\":[{\"@type\":\"ListItem\",\"position\":1,\"name\":\"Home\",\"item\":\"https:\/\/www.tink.de\/blog\/\"},{\"@type\":\"ListItem\",\"position\":2,\"name\":\"Smart City vorgestellt: Das vernetzte Zuhause in der intelligenten Stadt\"}]},{\"@type\":\"WebSite\",\"@id\":\"https:\/\/www.tink.de\/blog\/#website\",\"url\":\"https:\/\/www.tink.de\/blog\/\",\"name\":\"tink Blog\",\"description\":\"tink Smart Home Blog\",\"publisher\":{\"@id\":\"https:\/\/www.tink.de\/blog\/#organization\"},\"potentialAction\":[{\"@type\":\"SearchAction\",\"target\":{\"@type\":\"EntryPoint\",\"urlTemplate\":\"https:\/\/www.tink.de\/blog\/?s={search_term_string}\"},\"query-input\":{\"@type\":\"PropertyValueSpecification\",\"valueRequired\":true,\"valueName\":\"search_term_string\"}}],\"inLanguage\":\"de\"},{\"@type\":\"Organization\",\"@id\":\"https:\/\/www.tink.de\/blog\/#organization\",\"name\":\"tink GmbH\",\"alternateName\":\"tink\",\"url\":\"https:\/\/www.tink.de\/blog\/\",\"logo\":{\"@type\":\"ImageObject\",\"inLanguage\":\"de\",\"@id\":\"https:\/\/www.tink.de\/blog\/#\/schema\/logo\/image\/\",\"url\":\"https:\/\/i0.wp.com\/www.tink.de\/blog\/wp-content\/uploads\/2025\/08\/Group-4157.png?fit=264%2C265&ssl=1\",\"contentUrl\":\"https:\/\/i0.wp.com\/www.tink.de\/blog\/wp-content\/uploads\/2025\/08\/Group-4157.png?fit=264%2C265&ssl=1\",\"width\":264,\"height\":265,\"caption\":\"tink GmbH\"},\"image\":{\"@id\":\"https:\/\/www.tink.de\/blog\/#\/schema\/logo\/image\/\"},\"sameAs\":[\"https:\/\/www.facebook.com\/tinkh0me\",\"https:\/\/www.instagram.com\/tink\",\"https:\/\/de.linkedin.com\/company\/tink-gmbh\",\"https:\/\/www.youtube.com\/channel\/UCBhIvY0GdaK8Wc-5WWv8Kjw\"]},{\"@type\":\"Person\",\"@id\":\"https:\/\/www.tink.de\/blog\/#\/schema\/person\/88075dc90b44377a42600e23f9b47120\",\"name\":\"tink\",\"image\":{\"@type\":\"ImageObject\",\"inLanguage\":\"de\",\"@id\":\"https:\/\/www.tink.de\/blog\/#\/schema\/person\/image\/\",\"url\":\"https:\/\/secure.gravatar.com\/avatar\/20f2886dce53e05a67d57ce0ebf3b21f?s=96&d=mm&r=g\",\"contentUrl\":\"https:\/\/secure.gravatar.com\/avatar\/20f2886dce53e05a67d57ce0ebf3b21f?s=96&d=mm&r=g\",\"caption\":\"tink\"},\"url\":\"https:\/\/www.tink.de\/blog\/author\/tink\/\"}]}<\/script>\n<!-- \/ Yoast SEO plugin. -->","yoast_head_json":{"title":"Smart City: Das vernetzte Zuhause in der intelligenten Stadt | tink","description":"Smart City: \u2714 Internet der Dinge IoT \u2714 Digitale Stadt der Zukunft \u2714 Smart Home \u2714 5G Kommunikationsstandard \u2714 Nachhaltigkeit","robots":{"index":"index","follow":"follow","max-snippet":"max-snippet:-1","max-image-preview":"max-image-preview:large","max-video-preview":"max-video-preview:-1"},"canonical":"https:\/\/www.tink.de\/blog\/smart-city-das-vernetzte-zuhause-in-der-intelligenten-stadt\/","og_locale":"de_DE","og_type":"article","og_title":"Smart City: Das vernetzte Zuhause in der intelligenten Stadt | tink","og_description":"Smart City: \u2714 Internet der Dinge IoT \u2714 Digitale Stadt der Zukunft \u2714 Smart Home \u2714 5G Kommunikationsstandard \u2714 Nachhaltigkeit","og_url":"https:\/\/www.tink.de\/blog\/smart-city-das-vernetzte-zuhause-in-der-intelligenten-stadt\/","og_site_name":"tink Blog","article_publisher":"https:\/\/www.facebook.com\/tinkh0me","article_published_time":"2022-01-25T05:00:04+00:00","article_modified_time":"2025-07-17T16:21:29+00:00","og_image":[{"width":800,"height":600,"url":"https:\/\/www.tink.de\/blog\/wp-content\/uploads\/2024\/02\/63313308.jpg","type":"image\/jpeg"}],"author":"tink","twitter_card":"summary_large_image","twitter_misc":{"Verfasst von":"tink","Gesch\u00e4tzte Lesezeit":"5\u00a0Minuten"},"schema":{"@context":"https:\/\/schema.org","@graph":[{"@type":"Article","@id":"https:\/\/www.tink.de\/blog\/smart-city-das-vernetzte-zuhause-in-der-intelligenten-stadt\/#article","isPartOf":{"@id":"https:\/\/www.tink.de\/blog\/smart-city-das-vernetzte-zuhause-in-der-intelligenten-stadt\/"},"author":{"name":"tink","@id":"https:\/\/www.tink.de\/blog\/#\/schema\/person\/88075dc90b44377a42600e23f9b47120"},"headline":"Smart City vorgestellt: Das vernetzte Zuhause in der intelligenten Stadt","datePublished":"2022-01-25T05:00:04+00:00","dateModified":"2025-07-17T16:21:29+00:00","mainEntityOfPage":{"@id":"https:\/\/www.tink.de\/blog\/smart-city-das-vernetzte-zuhause-in-der-intelligenten-stadt\/"},"wordCount":1070,"commentCount":0,"publisher":{"@id":"https:\/\/www.tink.de\/blog\/#organization"},"image":{"@id":"https:\/\/www.tink.de\/blog\/smart-city-das-vernetzte-zuhause-in-der-intelligenten-stadt\/#primaryimage"},"thumbnailUrl":"https:\/\/i0.wp.com\/www.tink.de\/blog\/wp-content\/uploads\/2024\/02\/63313308.jpg?fit=800%2C600&ssl=1","articleSection":["Smart Home News"],"inLanguage":"de","potentialAction":[{"@type":"CommentAction","name":"Comment","target":["https:\/\/www.tink.de\/blog\/smart-city-das-vernetzte-zuhause-in-der-intelligenten-stadt\/#respond"]}]},{"@type":"WebPage","@id":"https:\/\/www.tink.de\/blog\/smart-city-das-vernetzte-zuhause-in-der-intelligenten-stadt\/","url":"https:\/\/www.tink.de\/blog\/smart-city-das-vernetzte-zuhause-in-der-intelligenten-stadt\/","name":"Smart City: Das vernetzte Zuhause in der intelligenten Stadt | tink","isPartOf":{"@id":"https:\/\/www.tink.de\/blog\/#website"},"primaryImageOfPage":{"@id":"https:\/\/www.tink.de\/blog\/smart-city-das-vernetzte-zuhause-in-der-intelligenten-stadt\/#primaryimage"},"image":{"@id":"https:\/\/www.tink.de\/blog\/smart-city-das-vernetzte-zuhause-in-der-intelligenten-stadt\/#primaryimage"},"thumbnailUrl":"https:\/\/i0.wp.com\/www.tink.de\/blog\/wp-content\/uploads\/2024\/02\/63313308.jpg?fit=800%2C600&ssl=1","datePublished":"2022-01-25T05:00:04+00:00","dateModified":"2025-07-17T16:21:29+00:00","description":"Smart City: \u2714 Internet der Dinge IoT \u2714 Digitale Stadt der Zukunft \u2714 Smart Home \u2714 5G Kommunikationsstandard \u2714 Nachhaltigkeit","breadcrumb":{"@id":"https:\/\/www.tink.de\/blog\/smart-city-das-vernetzte-zuhause-in-der-intelligenten-stadt\/#breadcrumb"},"inLanguage":"de","potentialAction":[{"@type":"ReadAction","target":["https:\/\/www.tink.de\/blog\/smart-city-das-vernetzte-zuhause-in-der-intelligenten-stadt\/"]}]},{"@type":"ImageObject","inLanguage":"de","@id":"https:\/\/www.tink.de\/blog\/smart-city-das-vernetzte-zuhause-in-der-intelligenten-stadt\/#primaryimage","url":"https:\/\/i0.wp.com\/www.tink.de\/blog\/wp-content\/uploads\/2024\/02\/63313308.jpg?fit=800%2C600&ssl=1","contentUrl":"https:\/\/i0.wp.com\/www.tink.de\/blog\/wp-content\/uploads\/2024\/02\/63313308.jpg?fit=800%2C600&ssl=1","width":800,"height":600},{"@type":"BreadcrumbList","@id":"https:\/\/www.tink.de\/blog\/smart-city-das-vernetzte-zuhause-in-der-intelligenten-stadt\/#breadcrumb","itemListElement":[{"@type":"ListItem","position":1,"name":"Home","item":"https:\/\/www.tink.de\/blog\/"},{"@type":"ListItem","position":2,"name":"Smart City vorgestellt: Das vernetzte Zuhause in der intelligenten Stadt"}]},{"@type":"WebSite","@id":"https:\/\/www.tink.de\/blog\/#website","url":"https:\/\/www.tink.de\/blog\/","name":"tink Blog","description":"tink Smart Home Blog","publisher":{"@id":"https:\/\/www.tink.de\/blog\/#organization"},"potentialAction":[{"@type":"SearchAction","target":{"@type":"EntryPoint","urlTemplate":"https:\/\/www.tink.de\/blog\/?s={search_term_string}"},"query-input":{"@type":"PropertyValueSpecification","valueRequired":true,"valueName":"search_term_string"}}],"inLanguage":"de"},{"@type":"Organization","@id":"https:\/\/www.tink.de\/blog\/#organization","name":"tink GmbH","alternateName":"tink","url":"https:\/\/www.tink.de\/blog\/","logo":{"@type":"ImageObject","inLanguage":"de","@id":"https:\/\/www.tink.de\/blog\/#\/schema\/logo\/image\/","url":"https:\/\/i0.wp.com\/www.tink.de\/blog\/wp-content\/uploads\/2025\/08\/Group-4157.png?fit=264%2C265&ssl=1","contentUrl":"https:\/\/i0.wp.com\/www.tink.de\/blog\/wp-content\/uploads\/2025\/08\/Group-4157.png?fit=264%2C265&ssl=1","width":264,"height":265,"caption":"tink GmbH"},"image":{"@id":"https:\/\/www.tink.de\/blog\/#\/schema\/logo\/image\/"},"sameAs":["https:\/\/www.facebook.com\/tinkh0me","https:\/\/www.instagram.com\/tink","https:\/\/de.linkedin.com\/company\/tink-gmbh","https:\/\/www.youtube.com\/channel\/UCBhIvY0GdaK8Wc-5WWv8Kjw"]},{"@type":"Person","@id":"https:\/\/www.tink.de\/blog\/#\/schema\/person\/88075dc90b44377a42600e23f9b47120","name":"tink","image":{"@type":"ImageObject","inLanguage":"de","@id":"https:\/\/www.tink.de\/blog\/#\/schema\/person\/image\/","url":"https:\/\/secure.gravatar.com\/avatar\/20f2886dce53e05a67d57ce0ebf3b21f?s=96&d=mm&r=g","contentUrl":"https:\/\/secure.gravatar.com\/avatar\/20f2886dce53e05a67d57ce0ebf3b21f?s=96&d=mm&r=g","caption":"tink"},"url":"https:\/\/www.tink.de\/blog\/author\/tink\/"}]}},"jetpack_featured_media_url":"https:\/\/i0.wp.com\/www.tink.de\/blog\/wp-content\/uploads\/2024\/02\/63313308.jpg?fit=800%2C600&ssl=1","jetpack_sharing_enabled":true,"_links":{"self":[{"href":"https:\/\/www.tink.de\/blog\/wp-json\/wp\/v2\/posts\/42334"}],"collection":[{"href":"https:\/\/www.tink.de\/blog\/wp-json\/wp\/v2\/posts"}],"about":[{"href":"https:\/\/www.tink.de\/blog\/wp-json\/wp\/v2\/types\/post"}],"author":[{"embeddable":true,"href":"https:\/\/www.tink.de\/blog\/wp-json\/wp\/v2\/users\/1"}],"replies":[{"embeddable":true,"href":"https:\/\/www.tink.de\/blog\/wp-json\/wp\/v2\/comments?post=42334"}],"version-history":[{"count":1,"href":"https:\/\/www.tink.de\/blog\/wp-json\/wp\/v2\/posts\/42334\/revisions"}],"predecessor-version":[{"id":42336,"href":"https:\/\/www.tink.de\/blog\/wp-json\/wp\/v2\/posts\/42334\/revisions\/42336"}],"wp:featuredmedia":[{"embeddable":true,"href":"https:\/\/www.tink.de\/blog\/wp-json\/wp\/v2\/media\/42335"}],"wp:attachment":[{"href":"https:\/\/www.tink.de\/blog\/wp-json\/wp\/v2\/media?parent=42334"}],"wp:term":[{"taxonomy":"category","embeddable":true,"href":"https:\/\/www.tink.de\/blog\/wp-json\/wp\/v2\/categories?post=42334"},{"taxonomy":"post_tag","embeddable":true,"href":"https:\/\/www.tink.de\/blog\/wp-json\/wp\/v2\/tags?post=42334"},{"taxonomy":"brand","embeddable":true,"href":"https:\/\/www.tink.de\/blog\/wp-json\/wp\/v2\/brand?post=42334"}],"curies":[{"name":"wp","href":"https:\/\/api.w.org\/{rel}","templated":true}]}}