{"id":41914,"date":"2019-09-05T15:20:36","date_gmt":"2019-09-05T13:20:36","guid":{"rendered":"http:\/\/sftp-tink.com\/eve-thermo-3-generation-vorgestellt\/"},"modified":"2025-11-04T15:29:59","modified_gmt":"2025-11-04T14:29:59","slug":"eve-thermo-3-generation-vorgestellt","status":"publish","type":"post","link":"https:\/\/www.tink.de\/blog\/eve-thermo-3-generation-vorgestellt\/","title":{"rendered":"Eve Thermo 3. Generation kommt"},"content":{"rendered":"<p><div id=\"tdi_1\" class=\"tdc-row\"><div class=\"vc_row tdi_2  wpb_row td-pb-row\" >\n<style scoped>\n\/* custom css - generated by TagDiv Composer *\/\n\n\/* custom css - generated by TagDiv Composer *\/\n.tdi_2,\r\n                .tdi_2 .tdc-columns{\r\n                    min-height: 0;\r\n                }.tdi_2,\r\n\t\t\t\t.tdi_2 .tdc-columns{\r\n\t\t\t\t    display: block;\r\n\t\t\t\t}.tdi_2 .tdc-columns{\r\n\t\t\t\t    width: 100%;\r\n\t\t\t\t}.tdi_2:before,\r\n\t\t\t\t.tdi_2:after{\r\n\t\t\t\t    display: table;\r\n\t\t\t\t}\n<\/style><div class=\"vc_column tdi_4  wpb_column vc_column_container tdc-column td-pb-span12\">\n<style scoped>\n\/* custom css - generated by TagDiv Composer *\/\n\n\/* custom css - generated by TagDiv Composer *\/\n.tdi_4{\r\n                    vertical-align: baseline;\r\n                }.tdi_4 > .wpb_wrapper,\r\n\t\t\t\t.tdi_4 > .wpb_wrapper > .tdc-elements{\r\n\t\t\t\t    display: block;\r\n\t\t\t\t}.tdi_4 > .wpb_wrapper > .tdc-elements{\r\n\t\t\t\t    width: 100%;\r\n\t\t\t\t}.tdi_4 > .wpb_wrapper > .vc_row_inner{\r\n\t\t\t\t    width: auto;\r\n\t\t\t\t}.tdi_4 > .wpb_wrapper{\r\n\t\t\t\t    width: auto;\r\n\t\t\t\t    height: auto;\r\n\t\t\t\t}\n<\/style><div class=\"wpb_wrapper\" ><div class=\"wpb_wrapper wpb_text_column td_block_wrap td_block_wrap vc_column_text tdi_5  tagdiv-type td-pb-border-top td_block_template_1\"  data-td-block-uid=\"tdi_5\" >\n<style>\n\/* custom css - generated by TagDiv Composer *\/\n.vc_column_text > .td-element-style{\r\n\t\t\t\t\tz-index: -1;\r\n\t\t\t\t}\n<\/style><div class=\"td-fix-index\"><p>Wer auf Bluetooth und Smart Home ohne Bridge steht, der greift schnell zu den Ger\u00e4ten von Eve. Dazu z\u00e4hlen unter anderen die smarten Heizk\u00f6rperthermostate Eve Thermo. Auf der IFA hat Eve nun die mittlerweile dritte Generation des Thermo vorgestellt.<\/p>\n<\/div><\/div><\/div><\/div><\/div><\/div><div id=\"tdi_6\" class=\"tdc-row\"><div class=\"vc_row tdi_7  wpb_row td-pb-row\" >\n<style scoped>\n\/* custom css - generated by TagDiv Composer *\/\n\n\/* custom css - generated by TagDiv Composer *\/\n.tdi_7,\r\n                .tdi_7 .tdc-columns{\r\n                    min-height: 0;\r\n                }.tdi_7,\r\n\t\t\t\t.tdi_7 .tdc-columns{\r\n\t\t\t\t    display: block;\r\n\t\t\t\t}.tdi_7 .tdc-columns{\r\n\t\t\t\t    width: 100%;\r\n\t\t\t\t}.tdi_7:before,\r\n\t\t\t\t.tdi_7:after{\r\n\t\t\t\t    display: table;\r\n\t\t\t\t}\n<\/style><div class=\"vc_column tdi_9  wpb_column vc_column_container tdc-column td-pb-span12\">\n<style scoped>\n\/* custom css - generated by TagDiv Composer *\/\n\n\/* custom css - generated by TagDiv Composer *\/\n.tdi_9{\r\n                    vertical-align: baseline;\r\n                }.tdi_9 > .wpb_wrapper,\r\n\t\t\t\t.tdi_9 > .wpb_wrapper > .tdc-elements{\r\n\t\t\t\t    display: block;\r\n\t\t\t\t}.tdi_9 > .wpb_wrapper > .tdc-elements{\r\n\t\t\t\t    width: 100%;\r\n\t\t\t\t}.tdi_9 > .wpb_wrapper > .vc_row_inner{\r\n\t\t\t\t    width: auto;\r\n\t\t\t\t}.tdi_9 > .wpb_wrapper{\r\n\t\t\t\t    width: auto;\r\n\t\t\t\t    height: auto;\r\n\t\t\t\t}\n<\/style><div class=\"wpb_wrapper\" ><div class=\"wpb_wrapper wpb_text_column td_block_wrap td_block_wrap vc_column_text tdi_10  tagdiv-type td-pb-border-top td_block_template_1\"  data-td-block-uid=\"tdi_10\" ><div class=\"td-fix-index\"><h2 class=\"western\">Was sind die Neuerungen beim Eve Thermo?<\/h2>\n<\/div><\/div><div class=\"wpb_wrapper wpb_text_column td_block_wrap td_block_wrap vc_column_text tdi_11  tagdiv-type td-pb-border-top td_block_template_1\"  data-td-block-uid=\"tdi_11\" ><div class=\"td-fix-index\"><p>Und was ist alles neu? Optisch \u00e4ndern sich so gut wie nichts. Vielmehr hat Eve Wert auf die Bedienung gelegt. So wurde die Lesbarkeit der Temperatur auf den Thermostaten verbessert. Zudem bekommst Du jetzt ein akustisches Feedback, wenn Du manuell die Einstellungen am Thermostat \u00e4nderst. Eine weitere Verbesserung: die Lautst\u00e4rke senkten die Entwickler merklich ab. Der Motor arbeitet jetzt deutlich leiser und st\u00f6rt Dich beispielsweise im Schlafzimmer nicht mehr.<\/p>\n<\/div><\/div><div class=\"wpb_wrapper td_block_single_image td_block_wrap\"><\/div>[vc_btn title=&#8220;ZUM PRODUKT&#8220; style=&#8220;flat&#8220; shape=&#8220;square&#8220; color=&#8220;black&#8220; align=&#8220;center&#8220; link=&#8220;url:https%3A%2F%2Fwww.tink.de%2Feve-thermo|title:Hol%20Dir%20den%20Eve%20Thermo%20Heizk%C3%B6rperthermostat%20im%20Doppelpack%20jetzt%20versandkostenfrei%20im%20tink%20Shop|target:%20_blank|&#8220; el_class=&#8220;product_button&#8220;]<\/div><\/div><\/div><\/div><\/p>\n","protected":false},"excerpt":{"rendered":"","protected":false},"author":1,"featured_media":41915,"comment_status":"open","ping_status":"closed","sticky":false,"template":"","format":"standard","meta":{"_acf_changed":false,"_monsterinsights_skip_tracking":false,"_monsterinsights_sitenote_active":false,"_monsterinsights_sitenote_note":"","_monsterinsights_sitenote_category":0,"jetpack_post_was_ever_published":false,"_jetpack_newsletter_access":"","_jetpack_dont_email_post_to_subs":false,"_jetpack_newsletter_tier_id":0,"_jetpack_memberships_contains_paywalled_content":false,"iawp_total_views":232,"_jetpack_memberships_contains_paid_content":false,"footnotes":"","jetpack_publicize_message":"","jetpack_publicize_feature_enabled":true,"jetpack_social_post_already_shared":false,"jetpack_social_options":{"image_generator_settings":{"template":"highway","enabled":false},"version":2}},"categories":[1181],"tags":[],"brand":[8146],"jetpack_publicize_connections":[],"acf":[],"yoast_head":"<!-- This site is optimized with the Yoast SEO plugin v24.5 - https:\/\/yoast.com\/wordpress\/plugins\/seo\/ -->\n<title>Eve Thermo 3. Generation kommt | tink<\/title>\n<meta name=\"description\" content=\"Eve pr\u00e4sentiert auf der IFA 2019 die dritte Generation des Eve Thermo. Mit ihm bekommst Du einige intelligente Verbesserungen in der Bedienung des smarten Heizk\u00f6rperthermostats.\" \/>\n<meta name=\"robots\" content=\"index, follow, max-snippet:-1, max-image-preview:large, max-video-preview:-1\" \/>\n<link rel=\"canonical\" href=\"https:\/\/www.tink.de\/blog\/eve-thermo-3-generation-vorgestellt\/\" \/>\n<meta property=\"og:locale\" content=\"de_DE\" \/>\n<meta property=\"og:type\" content=\"article\" \/>\n<meta property=\"og:title\" content=\"Eve Thermo 3. Generation kommt | tink\" \/>\n<meta property=\"og:description\" content=\"Eve pr\u00e4sentiert auf der IFA 2019 die dritte Generation des Eve Thermo. Mit ihm bekommst Du einige intelligente Verbesserungen in der Bedienung des smarten Heizk\u00f6rperthermostats.\" \/>\n<meta property=\"og:url\" content=\"https:\/\/www.tink.de\/blog\/eve-thermo-3-generation-vorgestellt\/\" \/>\n<meta property=\"og:site_name\" content=\"tink Blog\" \/>\n<meta property=\"article:publisher\" content=\"https:\/\/www.facebook.com\/tinkh0me\" \/>\n<meta property=\"article:published_time\" content=\"2019-09-05T13:20:36+00:00\" \/>\n<meta property=\"article:modified_time\" content=\"2025-11-04T14:29:59+00:00\" \/>\n<meta property=\"og:image\" content=\"https:\/\/www.tink.de\/blog\/wp-content\/uploads\/2024\/02\/74639741.jpg\" \/>\n\t<meta property=\"og:image:width\" content=\"800\" \/>\n\t<meta property=\"og:image:height\" content=\"600\" \/>\n\t<meta property=\"og:image:type\" content=\"image\/jpeg\" \/>\n<meta name=\"author\" content=\"tink\" \/>\n<meta name=\"twitter:card\" content=\"summary_large_image\" \/>\n<meta name=\"twitter:label1\" content=\"Verfasst von\" \/>\n\t<meta name=\"twitter:data1\" content=\"tink\" \/>\n\t<meta name=\"twitter:label2\" content=\"Gesch\u00e4tzte Lesezeit\" \/>\n\t<meta name=\"twitter:data2\" content=\"1\u00a0Minute\" \/>\n<script type=\"application\/ld+json\" class=\"yoast-schema-graph\">{\"@context\":\"https:\/\/schema.org\",\"@graph\":[{\"@type\":\"Article\",\"@id\":\"https:\/\/www.tink.de\/blog\/eve-thermo-3-generation-vorgestellt\/#article\",\"isPartOf\":{\"@id\":\"https:\/\/www.tink.de\/blog\/eve-thermo-3-generation-vorgestellt\/\"},\"author\":{\"name\":\"tink\",\"@id\":\"https:\/\/www.tink.de\/blog\/#\/schema\/person\/88075dc90b44377a42600e23f9b47120\"},\"headline\":\"Eve Thermo 3. Generation kommt\",\"datePublished\":\"2019-09-05T13:20:36+00:00\",\"dateModified\":\"2025-11-04T14:29:59+00:00\",\"mainEntityOfPage\":{\"@id\":\"https:\/\/www.tink.de\/blog\/eve-thermo-3-generation-vorgestellt\/\"},\"wordCount\":231,\"commentCount\":0,\"publisher\":{\"@id\":\"https:\/\/www.tink.de\/blog\/#organization\"},\"image\":{\"@id\":\"https:\/\/www.tink.de\/blog\/eve-thermo-3-generation-vorgestellt\/#primaryimage\"},\"thumbnailUrl\":\"https:\/\/i0.wp.com\/www.tink.de\/blog\/wp-content\/uploads\/2024\/02\/74639741.jpg?fit=800%2C600&ssl=1\",\"articleSection\":[\"Smart Home News\"],\"inLanguage\":\"de\",\"potentialAction\":[{\"@type\":\"CommentAction\",\"name\":\"Comment\",\"target\":[\"https:\/\/www.tink.de\/blog\/eve-thermo-3-generation-vorgestellt\/#respond\"]}]},{\"@type\":\"WebPage\",\"@id\":\"https:\/\/www.tink.de\/blog\/eve-thermo-3-generation-vorgestellt\/\",\"url\":\"https:\/\/www.tink.de\/blog\/eve-thermo-3-generation-vorgestellt\/\",\"name\":\"Eve Thermo 3. Generation kommt | tink\",\"isPartOf\":{\"@id\":\"https:\/\/www.tink.de\/blog\/#website\"},\"primaryImageOfPage\":{\"@id\":\"https:\/\/www.tink.de\/blog\/eve-thermo-3-generation-vorgestellt\/#primaryimage\"},\"image\":{\"@id\":\"https:\/\/www.tink.de\/blog\/eve-thermo-3-generation-vorgestellt\/#primaryimage\"},\"thumbnailUrl\":\"https:\/\/i0.wp.com\/www.tink.de\/blog\/wp-content\/uploads\/2024\/02\/74639741.jpg?fit=800%2C600&ssl=1\",\"datePublished\":\"2019-09-05T13:20:36+00:00\",\"dateModified\":\"2025-11-04T14:29:59+00:00\",\"description\":\"Eve pr\u00e4sentiert auf der IFA 2019 die dritte Generation des Eve Thermo. Mit ihm bekommst Du einige intelligente Verbesserungen in der Bedienung des smarten Heizk\u00f6rperthermostats.\",\"breadcrumb\":{\"@id\":\"https:\/\/www.tink.de\/blog\/eve-thermo-3-generation-vorgestellt\/#breadcrumb\"},\"inLanguage\":\"de\",\"potentialAction\":[{\"@type\":\"ReadAction\",\"target\":[\"https:\/\/www.tink.de\/blog\/eve-thermo-3-generation-vorgestellt\/\"]}]},{\"@type\":\"ImageObject\",\"inLanguage\":\"de\",\"@id\":\"https:\/\/www.tink.de\/blog\/eve-thermo-3-generation-vorgestellt\/#primaryimage\",\"url\":\"https:\/\/i0.wp.com\/www.tink.de\/blog\/wp-content\/uploads\/2024\/02\/74639741.jpg?fit=800%2C600&ssl=1\",\"contentUrl\":\"https:\/\/i0.wp.com\/www.tink.de\/blog\/wp-content\/uploads\/2024\/02\/74639741.jpg?fit=800%2C600&ssl=1\",\"width\":800,\"height\":600},{\"@type\":\"BreadcrumbList\",\"@id\":\"https:\/\/www.tink.de\/blog\/eve-thermo-3-generation-vorgestellt\/#breadcrumb\",\"itemListElement\":[{\"@type\":\"ListItem\",\"position\":1,\"name\":\"Home\",\"item\":\"https:\/\/www.tink.de\/blog\/\"},{\"@type\":\"ListItem\",\"position\":2,\"name\":\"Eve Thermo 3. Generation kommt\"}]},{\"@type\":\"WebSite\",\"@id\":\"https:\/\/www.tink.de\/blog\/#website\",\"url\":\"https:\/\/www.tink.de\/blog\/\",\"name\":\"tink Blog\",\"description\":\"tink Smart Home Blog\",\"publisher\":{\"@id\":\"https:\/\/www.tink.de\/blog\/#organization\"},\"potentialAction\":[{\"@type\":\"SearchAction\",\"target\":{\"@type\":\"EntryPoint\",\"urlTemplate\":\"https:\/\/www.tink.de\/blog\/?s={search_term_string}\"},\"query-input\":{\"@type\":\"PropertyValueSpecification\",\"valueRequired\":true,\"valueName\":\"search_term_string\"}}],\"inLanguage\":\"de\"},{\"@type\":\"Organization\",\"@id\":\"https:\/\/www.tink.de\/blog\/#organization\",\"name\":\"tink GmbH\",\"alternateName\":\"tink\",\"url\":\"https:\/\/www.tink.de\/blog\/\",\"logo\":{\"@type\":\"ImageObject\",\"inLanguage\":\"de\",\"@id\":\"https:\/\/www.tink.de\/blog\/#\/schema\/logo\/image\/\",\"url\":\"https:\/\/i0.wp.com\/www.tink.de\/blog\/wp-content\/uploads\/2025\/08\/Group-4157.png?fit=264%2C265&ssl=1\",\"contentUrl\":\"https:\/\/i0.wp.com\/www.tink.de\/blog\/wp-content\/uploads\/2025\/08\/Group-4157.png?fit=264%2C265&ssl=1\",\"width\":264,\"height\":265,\"caption\":\"tink GmbH\"},\"image\":{\"@id\":\"https:\/\/www.tink.de\/blog\/#\/schema\/logo\/image\/\"},\"sameAs\":[\"https:\/\/www.facebook.com\/tinkh0me\",\"https:\/\/www.instagram.com\/tink\",\"https:\/\/de.linkedin.com\/company\/tink-gmbh\",\"https:\/\/www.youtube.com\/channel\/UCBhIvY0GdaK8Wc-5WWv8Kjw\"]},{\"@type\":\"Person\",\"@id\":\"https:\/\/www.tink.de\/blog\/#\/schema\/person\/88075dc90b44377a42600e23f9b47120\",\"name\":\"tink\",\"image\":{\"@type\":\"ImageObject\",\"inLanguage\":\"de\",\"@id\":\"https:\/\/www.tink.de\/blog\/#\/schema\/person\/image\/\",\"url\":\"https:\/\/secure.gravatar.com\/avatar\/20f2886dce53e05a67d57ce0ebf3b21f?s=96&d=mm&r=g\",\"contentUrl\":\"https:\/\/secure.gravatar.com\/avatar\/20f2886dce53e05a67d57ce0ebf3b21f?s=96&d=mm&r=g\",\"caption\":\"tink\"},\"url\":\"https:\/\/www.tink.de\/blog\/author\/tink\/\"}]}<\/script>\n<!-- \/ Yoast SEO plugin. -->","yoast_head_json":{"title":"Eve Thermo 3. Generation kommt | tink","description":"Eve pr\u00e4sentiert auf der IFA 2019 die dritte Generation des Eve Thermo. Mit ihm bekommst Du einige intelligente Verbesserungen in der Bedienung des smarten Heizk\u00f6rperthermostats.","robots":{"index":"index","follow":"follow","max-snippet":"max-snippet:-1","max-image-preview":"max-image-preview:large","max-video-preview":"max-video-preview:-1"},"canonical":"https:\/\/www.tink.de\/blog\/eve-thermo-3-generation-vorgestellt\/","og_locale":"de_DE","og_type":"article","og_title":"Eve Thermo 3. Generation kommt | tink","og_description":"Eve pr\u00e4sentiert auf der IFA 2019 die dritte Generation des Eve Thermo. Mit ihm bekommst Du einige intelligente Verbesserungen in der Bedienung des smarten Heizk\u00f6rperthermostats.","og_url":"https:\/\/www.tink.de\/blog\/eve-thermo-3-generation-vorgestellt\/","og_site_name":"tink Blog","article_publisher":"https:\/\/www.facebook.com\/tinkh0me","article_published_time":"2019-09-05T13:20:36+00:00","article_modified_time":"2025-11-04T14:29:59+00:00","og_image":[{"width":800,"height":600,"url":"https:\/\/www.tink.de\/blog\/wp-content\/uploads\/2024\/02\/74639741.jpg","type":"image\/jpeg"}],"author":"tink","twitter_card":"summary_large_image","twitter_misc":{"Verfasst von":"tink","Gesch\u00e4tzte Lesezeit":"1\u00a0Minute"},"schema":{"@context":"https:\/\/schema.org","@graph":[{"@type":"Article","@id":"https:\/\/www.tink.de\/blog\/eve-thermo-3-generation-vorgestellt\/#article","isPartOf":{"@id":"https:\/\/www.tink.de\/blog\/eve-thermo-3-generation-vorgestellt\/"},"author":{"name":"tink","@id":"https:\/\/www.tink.de\/blog\/#\/schema\/person\/88075dc90b44377a42600e23f9b47120"},"headline":"Eve Thermo 3. Generation kommt","datePublished":"2019-09-05T13:20:36+00:00","dateModified":"2025-11-04T14:29:59+00:00","mainEntityOfPage":{"@id":"https:\/\/www.tink.de\/blog\/eve-thermo-3-generation-vorgestellt\/"},"wordCount":231,"commentCount":0,"publisher":{"@id":"https:\/\/www.tink.de\/blog\/#organization"},"image":{"@id":"https:\/\/www.tink.de\/blog\/eve-thermo-3-generation-vorgestellt\/#primaryimage"},"thumbnailUrl":"https:\/\/i0.wp.com\/www.tink.de\/blog\/wp-content\/uploads\/2024\/02\/74639741.jpg?fit=800%2C600&ssl=1","articleSection":["Smart Home News"],"inLanguage":"de","potentialAction":[{"@type":"CommentAction","name":"Comment","target":["https:\/\/www.tink.de\/blog\/eve-thermo-3-generation-vorgestellt\/#respond"]}]},{"@type":"WebPage","@id":"https:\/\/www.tink.de\/blog\/eve-thermo-3-generation-vorgestellt\/","url":"https:\/\/www.tink.de\/blog\/eve-thermo-3-generation-vorgestellt\/","name":"Eve Thermo 3. Generation kommt | tink","isPartOf":{"@id":"https:\/\/www.tink.de\/blog\/#website"},"primaryImageOfPage":{"@id":"https:\/\/www.tink.de\/blog\/eve-thermo-3-generation-vorgestellt\/#primaryimage"},"image":{"@id":"https:\/\/www.tink.de\/blog\/eve-thermo-3-generation-vorgestellt\/#primaryimage"},"thumbnailUrl":"https:\/\/i0.wp.com\/www.tink.de\/blog\/wp-content\/uploads\/2024\/02\/74639741.jpg?fit=800%2C600&ssl=1","datePublished":"2019-09-05T13:20:36+00:00","dateModified":"2025-11-04T14:29:59+00:00","description":"Eve pr\u00e4sentiert auf der IFA 2019 die dritte Generation des Eve Thermo. Mit ihm bekommst Du einige intelligente Verbesserungen in der Bedienung des smarten Heizk\u00f6rperthermostats.","breadcrumb":{"@id":"https:\/\/www.tink.de\/blog\/eve-thermo-3-generation-vorgestellt\/#breadcrumb"},"inLanguage":"de","potentialAction":[{"@type":"ReadAction","target":["https:\/\/www.tink.de\/blog\/eve-thermo-3-generation-vorgestellt\/"]}]},{"@type":"ImageObject","inLanguage":"de","@id":"https:\/\/www.tink.de\/blog\/eve-thermo-3-generation-vorgestellt\/#primaryimage","url":"https:\/\/i0.wp.com\/www.tink.de\/blog\/wp-content\/uploads\/2024\/02\/74639741.jpg?fit=800%2C600&ssl=1","contentUrl":"https:\/\/i0.wp.com\/www.tink.de\/blog\/wp-content\/uploads\/2024\/02\/74639741.jpg?fit=800%2C600&ssl=1","width":800,"height":600},{"@type":"BreadcrumbList","@id":"https:\/\/www.tink.de\/blog\/eve-thermo-3-generation-vorgestellt\/#breadcrumb","itemListElement":[{"@type":"ListItem","position":1,"name":"Home","item":"https:\/\/www.tink.de\/blog\/"},{"@type":"ListItem","position":2,"name":"Eve Thermo 3. Generation kommt"}]},{"@type":"WebSite","@id":"https:\/\/www.tink.de\/blog\/#website","url":"https:\/\/www.tink.de\/blog\/","name":"tink Blog","description":"tink Smart Home Blog","publisher":{"@id":"https:\/\/www.tink.de\/blog\/#organization"},"potentialAction":[{"@type":"SearchAction","target":{"@type":"EntryPoint","urlTemplate":"https:\/\/www.tink.de\/blog\/?s={search_term_string}"},"query-input":{"@type":"PropertyValueSpecification","valueRequired":true,"valueName":"search_term_string"}}],"inLanguage":"de"},{"@type":"Organization","@id":"https:\/\/www.tink.de\/blog\/#organization","name":"tink GmbH","alternateName":"tink","url":"https:\/\/www.tink.de\/blog\/","logo":{"@type":"ImageObject","inLanguage":"de","@id":"https:\/\/www.tink.de\/blog\/#\/schema\/logo\/image\/","url":"https:\/\/i0.wp.com\/www.tink.de\/blog\/wp-content\/uploads\/2025\/08\/Group-4157.png?fit=264%2C265&ssl=1","contentUrl":"https:\/\/i0.wp.com\/www.tink.de\/blog\/wp-content\/uploads\/2025\/08\/Group-4157.png?fit=264%2C265&ssl=1","width":264,"height":265,"caption":"tink GmbH"},"image":{"@id":"https:\/\/www.tink.de\/blog\/#\/schema\/logo\/image\/"},"sameAs":["https:\/\/www.facebook.com\/tinkh0me","https:\/\/www.instagram.com\/tink","https:\/\/de.linkedin.com\/company\/tink-gmbh","https:\/\/www.youtube.com\/channel\/UCBhIvY0GdaK8Wc-5WWv8Kjw"]},{"@type":"Person","@id":"https:\/\/www.tink.de\/blog\/#\/schema\/person\/88075dc90b44377a42600e23f9b47120","name":"tink","image":{"@type":"ImageObject","inLanguage":"de","@id":"https:\/\/www.tink.de\/blog\/#\/schema\/person\/image\/","url":"https:\/\/secure.gravatar.com\/avatar\/20f2886dce53e05a67d57ce0ebf3b21f?s=96&d=mm&r=g","contentUrl":"https:\/\/secure.gravatar.com\/avatar\/20f2886dce53e05a67d57ce0ebf3b21f?s=96&d=mm&r=g","caption":"tink"},"url":"https:\/\/www.tink.de\/blog\/author\/tink\/"}]}},"jetpack_featured_media_url":"https:\/\/i0.wp.com\/www.tink.de\/blog\/wp-content\/uploads\/2024\/02\/74639741.jpg?fit=800%2C600&ssl=1","jetpack_sharing_enabled":true,"_links":{"self":[{"href":"https:\/\/www.tink.de\/blog\/wp-json\/wp\/v2\/posts\/41914"}],"collection":[{"href":"https:\/\/www.tink.de\/blog\/wp-json\/wp\/v2\/posts"}],"about":[{"href":"https:\/\/www.tink.de\/blog\/wp-json\/wp\/v2\/types\/post"}],"author":[{"embeddable":true,"href":"https:\/\/www.tink.de\/blog\/wp-json\/wp\/v2\/users\/1"}],"replies":[{"embeddable":true,"href":"https:\/\/www.tink.de\/blog\/wp-json\/wp\/v2\/comments?post=41914"}],"version-history":[{"count":1,"href":"https:\/\/www.tink.de\/blog\/wp-json\/wp\/v2\/posts\/41914\/revisions"}],"predecessor-version":[{"id":41916,"href":"https:\/\/www.tink.de\/blog\/wp-json\/wp\/v2\/posts\/41914\/revisions\/41916"}],"wp:featuredmedia":[{"embeddable":true,"href":"https:\/\/www.tink.de\/blog\/wp-json\/wp\/v2\/media\/41915"}],"wp:attachment":[{"href":"https:\/\/www.tink.de\/blog\/wp-json\/wp\/v2\/media?parent=41914"}],"wp:term":[{"taxonomy":"category","embeddable":true,"href":"https:\/\/www.tink.de\/blog\/wp-json\/wp\/v2\/categories?post=41914"},{"taxonomy":"post_tag","embeddable":true,"href":"https:\/\/www.tink.de\/blog\/wp-json\/wp\/v2\/tags?post=41914"},{"taxonomy":"brand","embeddable":true,"href":"https:\/\/www.tink.de\/blog\/wp-json\/wp\/v2\/brand?post=41914"}],"curies":[{"name":"wp","href":"https:\/\/api.w.org\/{rel}","templated":true}]}}